{"id":20010,"date":"2024-02-07T18:12:17","date_gmt":"2024-02-07T18:12:17","guid":{"rendered":"https:\/\/www.worldpancreaticcancercoalition.org\/nao-categorizado\/perfil-do-membro-meu-everest-odv\/"},"modified":"2024-02-07T18:12:17","modified_gmt":"2024-02-07T18:12:17","slug":"perfil-do-membro-meu-everest-odv","status":"publish","type":"post","link":"https:\/\/www.worldpancreaticcancercoalition.org\/pt-br\/members\/perfil-do-membro-meu-everest-odv\/","title":{"rendered":"Perfil do membro: Meu Everest ODV"},"content":{"rendered":"<div class=\"gmail_default\"><span style=\"font-family: trebuchet ms, sans-serif;\"><span style=\"font-family: trebuchet ms, sans-serif;\"><span style=\"font-family: trebuchet ms, sans-serif;\">My Everest ODV, que significa &#8220;Organizzazione di Volontariato&#8221; (Organiza\u00e7\u00e3o de Voluntariado), \u00e9 uma associa\u00e7\u00e3o sem fins lucrativos com sede em Rivolta D&#8217;Adda, It\u00e1lia. Fundada em 2015 a partir da ideia de Luigino Sala, que infelizmente estava morrendo de c\u00e2ncer no p\u00e2ncreas, com a vis\u00e3o de capacitar indiv\u00edduos e comunidades a acreditarem na pesquisa cient\u00edfica, a organiza\u00e7\u00e3o se inspira na montanha Everest, simbolizando os desafios que as pessoas com c\u00e2ncer enfrentam e as alturas que podem alcan\u00e7ar com o apoio certo. Sua recompensa \u00e9 o que Luigino sempre disse: &#8220;Eu espero, eu sonho, eu vivo&#8221;, a fim de incentivar o apoio \u00e0 pesquisa cient\u00edfica.<br \/>\n<\/span><\/span><\/span><br \/>\n&nbsp;<\/p>\n<div class=\"gmail_default\"><span style=\"font-family: trebuchet ms, sans-serif;\">A associa\u00e7\u00e3o quer ser a refer\u00eancia para os pacientes com c\u00e2ncer de p\u00e2ncreas e tem dois objetivos principais:<\/span><\/div>\n<div><\/div>\n<ul>\n<li class=\"gmail_default\"><span style=\"font-family: trebuchet ms, sans-serif;\">Fornecer informa\u00e7\u00f5es sobre a doen\u00e7a, com aten\u00e7\u00e3o especial a estudos cl\u00ednicos, novas terapias e preven\u00e7\u00e3o<\/span><\/li>\n<li class=\"gmail_default\"><span style=\"font-family: trebuchet ms, sans-serif;\">Apoiar projetos de pesquisa cient\u00edfica por meio da arrecada\u00e7\u00e3o de fundos.<\/span><\/li>\n<\/ul>\n<h3>Projetos em andamento<\/h3>\n<p>Gra\u00e7as ao apoio recebido at\u00e9 agora, a Associa\u00e7\u00e3o conseguiu financiar a presen\u00e7a de um gerente de dados envolvido na an\u00e1lise de estudos cl\u00ednicos espec\u00edficos sobre c\u00e2ncer de p\u00e2ncreas no Pancreas Center do IRCCS Ospedale San Raffaele, em Mil\u00e3o, e apoiou um importante projeto de pesquisa sobre medicina personalizada, o PACT-21. Eles t\u00eam muito orgulho de serem membros do WPCC.<\/p>\n<p>Todos os anos \u00e9 um grande prazer participar da campanha do WPCC e publicar informa\u00e7\u00f5es em seus canais de m\u00eddia social de acordo com as diretrizes do WPCC. Nosso objetivo \u00e9 o mesmo do WPCC: divulgar informa\u00e7\u00f5es \u00e0 popula\u00e7\u00e3o para ensinar como reconhecer o c\u00e2ncer de p\u00e2ncreas em um est\u00e1gio muito inicial e aumentar as oportunidades de tratamento.<\/p>\n<p>Para saber mais sobre o My Everest ODV, visite <a href=\"https:\/\/www.worldpancreaticcancercoalition.org\/member\/my-everest\/\">a P\u00e1gina de Membro<\/a><\/p>\n<p>&nbsp;<\/p>\n<p><strong>                  <img loading=\"lazy\" decoding=\"async\" class=\"alignnone wp-image-18690 size-medium\" src=\"https:\/\/www.worldpancreaticcancercoalition.org\/wp-content\/uploads\/\/2_reni_romi_datamanager-291x300.jpeg\" alt=\"A Dra. Michele Reni e a Dra. Silvia Romi, a gerenciadora de dados financiada por n\u00f3s, mostrando o pagamento do My Everest como testemunho.\" width=\"291\" height=\"300\" srcset=\"https:\/\/www.worldpancreaticcancercoalition.org\/wp-content\/uploads\/2_reni_romi_datamanager-291x300.jpeg 291w, https:\/\/www.worldpancreaticcancercoalition.org\/wp-content\/uploads\/2_reni_romi_datamanager-36x36.jpeg 36w, https:\/\/www.worldpancreaticcancercoalition.org\/wp-content\/uploads\/2_reni_romi_datamanager-685x705.jpeg 685w, https:\/\/www.worldpancreaticcancercoalition.org\/wp-content\/uploads\/2_reni_romi_datamanager-146x150.jpeg 146w, https:\/\/www.worldpancreaticcancercoalition.org\/wp-content\/uploads\/2_reni_romi_datamanager-117x120.jpeg 117w, https:\/\/www.worldpancreaticcancercoalition.org\/wp-content\/uploads\/2_reni_romi_datamanager.jpeg 720w\" sizes=\"auto, (max-width: 291px) 100vw, 291px\" \/>               <img loading=\"lazy\" decoding=\"async\" class=\"alignnone wp-image-18685 \" src=\"https:\/\/www.worldpancreaticcancercoalition.org\/wp-content\/uploads\/\/1_Reni_Rozzoni_Falconi-1-225x300.jpeg\" alt=\"Monica Rozzoni - Presidente do My Everest e esposa de Luigino Sala - junto com o Dr. Michele Reni e o Prof. Massimo Falconi do Centro de P\u00e2ncreas do IRCCS Ospedale San Raffaele, Mil\u00e3o, It\u00e1lia\" width=\"225\" height=\"300\" srcset=\"https:\/\/www.worldpancreaticcancercoalition.org\/wp-content\/uploads\/1_Reni_Rozzoni_Falconi-1-225x300.jpeg 225w, https:\/\/www.worldpancreaticcancercoalition.org\/wp-content\/uploads\/1_Reni_Rozzoni_Falconi-1-773x1030.jpeg 773w, https:\/\/www.worldpancreaticcancercoalition.org\/wp-content\/uploads\/1_Reni_Rozzoni_Falconi-1-1152x1536.jpeg 1152w, https:\/\/www.worldpancreaticcancercoalition.org\/wp-content\/uploads\/1_Reni_Rozzoni_Falconi-1-1125x1500.jpeg 1125w, https:\/\/www.worldpancreaticcancercoalition.org\/wp-content\/uploads\/1_Reni_Rozzoni_Falconi-1-529x705.jpeg 529w, https:\/\/www.worldpancreaticcancercoalition.org\/wp-content\/uploads\/1_Reni_Rozzoni_Falconi-1-113x150.jpeg 113w, https:\/\/www.worldpancreaticcancercoalition.org\/wp-content\/uploads\/1_Reni_Rozzoni_Falconi-1-90x120.jpeg 90w, https:\/\/www.worldpancreaticcancercoalition.org\/wp-content\/uploads\/1_Reni_Rozzoni_Falconi-1.jpeg 1200w\" sizes=\"auto, (max-width: 225px) 100vw, 225px\" \/><\/strong><\/p>\n<p>&nbsp;<\/p>\n<p>&nbsp;<\/p>\n<\/div>\n<!-- AddThis Advanced Settings generic via filter on the_content --><!-- AddThis Share Buttons generic via filter on the_content -->","protected":false},"excerpt":{"rendered":"<p>My Everest ODV, que significa &#8220;Organizzazione di Volontariato&#8221; (Organiza\u00e7\u00e3o de Voluntariado), \u00e9 uma associa\u00e7\u00e3o sem fins lucrativos com sede em Rivolta D&#8217;Adda, It\u00e1lia. Fundada em 2015 a partir da ideia de Luigino Sala, que infelizmente estava morrendo de c\u00e2ncer no p\u00e2ncreas, com a vis\u00e3o de capacitar indiv\u00edduos e comunidades a acreditarem na pesquisa cient\u00edfica, a [&hellip;]<!-- AddThis Advanced Settings generic via filter on get_the_excerpt --><!-- AddThis Share Buttons generic via filter on get_the_excerpt --><\/p>\n","protected":false},"author":18,"featured_media":20012,"comment_status":"closed","ping_status":"closed","sticky":false,"template":"","format":"standard","meta":{"_acf_changed":false,"footnotes":""},"categories":[7,4],"tags":[],"member":[],"class_list":["post-20010","post","type-post","status-publish","format-standard","has-post-thumbnail","hentry","category-members","category-news"],"acf":[],"yoast_head":"<!-- This site is optimized with the Yoast SEO plugin v26.6 - https:\/\/yoast.com\/wordpress\/plugins\/seo\/ -->\n<title>Perfil do membro: Meu Everest ODV - World Pancreatic Cancer Coalition<\/title>\n<meta name=\"robots\" content=\"index, follow, max-snippet:-1, max-image-preview:large, max-video-preview:-1\" \/>\n<link rel=\"canonical\" href=\"https:\/\/www.worldpancreaticcancercoalition.org\/pt-br\/members\/perfil-do-membro-meu-everest-odv\/\" \/>\n<meta property=\"og:locale\" content=\"pt_BR\" \/>\n<meta property=\"og:type\" content=\"article\" \/>\n<meta property=\"og:title\" content=\"Perfil do membro: Meu Everest ODV - World Pancreatic Cancer Coalition\" \/>\n<meta property=\"og:description\" content=\"My Everest ODV, que significa &#8220;Organizzazione di Volontariato&#8221; (Organiza\u00e7\u00e3o de Voluntariado), \u00e9 uma associa\u00e7\u00e3o sem fins lucrativos com sede em Rivolta D&#8217;Adda, It\u00e1lia. Fundada em 2015 a partir da ideia de Luigino Sala, que infelizmente estava morrendo de c\u00e2ncer no p\u00e2ncreas, com a vis\u00e3o de capacitar indiv\u00edduos e comunidades a acreditarem na pesquisa cient\u00edfica, a [&hellip;]\" \/>\n<meta property=\"og:url\" content=\"https:\/\/www.worldpancreaticcancercoalition.org\/pt-br\/members\/perfil-do-membro-meu-everest-odv\/\" \/>\n<meta property=\"og:site_name\" content=\"World Pancreatic Cancer Coalition\" \/>\n<meta property=\"article:published_time\" content=\"2024-02-07T18:12:17+00:00\" \/>\n<meta property=\"og:image\" content=\"https:\/\/www.worldpancreaticcancercoalition.org\/wp-content\/uploads\/3_luigino-sala.jpg\" \/>\n\t<meta property=\"og:image:width\" content=\"960\" \/>\n\t<meta property=\"og:image:height\" content=\"640\" \/>\n\t<meta property=\"og:image:type\" content=\"image\/jpeg\" \/>\n<meta name=\"author\" content=\"Evan Van Leeuwen\" \/>\n<meta name=\"twitter:card\" content=\"summary_large_image\" \/>\n<meta name=\"twitter:label1\" content=\"Escrito por\" \/>\n\t<meta name=\"twitter:data1\" content=\"Evan Van Leeuwen\" \/>\n\t<meta name=\"twitter:label2\" content=\"Est. tempo de leitura\" \/>\n\t<meta name=\"twitter:data2\" content=\"2 minutos\" \/>\n<script type=\"application\/ld+json\" class=\"yoast-schema-graph\">{\"@context\":\"https:\/\/schema.org\",\"@graph\":[{\"@type\":\"WebPage\",\"@id\":\"https:\/\/www.worldpancreaticcancercoalition.org\/pt-br\/members\/perfil-do-membro-meu-everest-odv\/\",\"url\":\"https:\/\/www.worldpancreaticcancercoalition.org\/pt-br\/members\/perfil-do-membro-meu-everest-odv\/\",\"name\":\"Perfil do membro: Meu Everest ODV - World Pancreatic Cancer Coalition\",\"isPartOf\":{\"@id\":\"https:\/\/www.worldpancreaticcancercoalition.org\/pt-br\/#website\"},\"primaryImageOfPage\":{\"@id\":\"https:\/\/www.worldpancreaticcancercoalition.org\/pt-br\/members\/perfil-do-membro-meu-everest-odv\/#primaryimage\"},\"image\":{\"@id\":\"https:\/\/www.worldpancreaticcancercoalition.org\/pt-br\/members\/perfil-do-membro-meu-everest-odv\/#primaryimage\"},\"thumbnailUrl\":\"https:\/\/www.worldpancreaticcancercoalition.org\/wp-content\/uploads\/3_luigino-sala.jpg\",\"datePublished\":\"2024-02-07T18:12:17+00:00\",\"author\":{\"@id\":\"https:\/\/www.worldpancreaticcancercoalition.org\/pt-br\/#\/schema\/person\/83e6daa2e4af40ca74fe439355c389e7\"},\"breadcrumb\":{\"@id\":\"https:\/\/www.worldpancreaticcancercoalition.org\/pt-br\/members\/perfil-do-membro-meu-everest-odv\/#breadcrumb\"},\"inLanguage\":\"pt-BR\",\"potentialAction\":[{\"@type\":\"ReadAction\",\"target\":[\"https:\/\/www.worldpancreaticcancercoalition.org\/pt-br\/members\/perfil-do-membro-meu-everest-odv\/\"]}]},{\"@type\":\"ImageObject\",\"inLanguage\":\"pt-BR\",\"@id\":\"https:\/\/www.worldpancreaticcancercoalition.org\/pt-br\/members\/perfil-do-membro-meu-everest-odv\/#primaryimage\",\"url\":\"https:\/\/www.worldpancreaticcancercoalition.org\/wp-content\/uploads\/3_luigino-sala.jpg\",\"contentUrl\":\"https:\/\/www.worldpancreaticcancercoalition.org\/wp-content\/uploads\/3_luigino-sala.jpg\",\"width\":960,\"height\":640},{\"@type\":\"BreadcrumbList\",\"@id\":\"https:\/\/www.worldpancreaticcancercoalition.org\/pt-br\/members\/perfil-do-membro-meu-everest-odv\/#breadcrumb\",\"itemListElement\":[{\"@type\":\"ListItem\",\"position\":1,\"name\":\"Home\",\"item\":\"https:\/\/www.worldpancreaticcancercoalition.org\/pt-br\/2021-casa\/\"},{\"@type\":\"ListItem\",\"position\":2,\"name\":\"Perfil do membro: Meu Everest ODV\"}]},{\"@type\":\"WebSite\",\"@id\":\"https:\/\/www.worldpancreaticcancercoalition.org\/pt-br\/#website\",\"url\":\"https:\/\/www.worldpancreaticcancercoalition.org\/pt-br\/\",\"name\":\"World Pancreatic Cancer Coalition\",\"description\":\"\",\"potentialAction\":[{\"@type\":\"SearchAction\",\"target\":{\"@type\":\"EntryPoint\",\"urlTemplate\":\"https:\/\/www.worldpancreaticcancercoalition.org\/pt-br\/?s={search_term_string}\"},\"query-input\":{\"@type\":\"PropertyValueSpecification\",\"valueRequired\":true,\"valueName\":\"search_term_string\"}}],\"inLanguage\":\"pt-BR\"},{\"@type\":\"Person\",\"@id\":\"https:\/\/www.worldpancreaticcancercoalition.org\/pt-br\/#\/schema\/person\/83e6daa2e4af40ca74fe439355c389e7\",\"name\":\"Evan Van Leeuwen\",\"url\":\"https:\/\/www.worldpancreaticcancercoalition.org\/pt-br\/author\/evanleeuwen\/\"}]}<\/script>\n<!-- \/ Yoast SEO plugin. -->","yoast_head_json":{"title":"Perfil do membro: Meu Everest ODV - World Pancreatic Cancer Coalition","robots":{"index":"index","follow":"follow","max-snippet":"max-snippet:-1","max-image-preview":"max-image-preview:large","max-video-preview":"max-video-preview:-1"},"canonical":"https:\/\/www.worldpancreaticcancercoalition.org\/pt-br\/members\/perfil-do-membro-meu-everest-odv\/","og_locale":"pt_BR","og_type":"article","og_title":"Perfil do membro: Meu Everest ODV - World Pancreatic Cancer Coalition","og_description":"My Everest ODV, que significa &#8220;Organizzazione di Volontariato&#8221; (Organiza\u00e7\u00e3o de Voluntariado), \u00e9 uma associa\u00e7\u00e3o sem fins lucrativos com sede em Rivolta D&#8217;Adda, It\u00e1lia. Fundada em 2015 a partir da ideia de Luigino Sala, que infelizmente estava morrendo de c\u00e2ncer no p\u00e2ncreas, com a vis\u00e3o de capacitar indiv\u00edduos e comunidades a acreditarem na pesquisa cient\u00edfica, a [&hellip;]","og_url":"https:\/\/www.worldpancreaticcancercoalition.org\/pt-br\/members\/perfil-do-membro-meu-everest-odv\/","og_site_name":"World Pancreatic Cancer Coalition","article_published_time":"2024-02-07T18:12:17+00:00","og_image":[{"width":960,"height":640,"url":"https:\/\/www.worldpancreaticcancercoalition.org\/wp-content\/uploads\/3_luigino-sala.jpg","type":"image\/jpeg"}],"author":"Evan Van Leeuwen","twitter_card":"summary_large_image","twitter_misc":{"Escrito por":"Evan Van Leeuwen","Est. tempo de leitura":"2 minutos"},"schema":{"@context":"https:\/\/schema.org","@graph":[{"@type":"WebPage","@id":"https:\/\/www.worldpancreaticcancercoalition.org\/pt-br\/members\/perfil-do-membro-meu-everest-odv\/","url":"https:\/\/www.worldpancreaticcancercoalition.org\/pt-br\/members\/perfil-do-membro-meu-everest-odv\/","name":"Perfil do membro: Meu Everest ODV - World Pancreatic Cancer Coalition","isPartOf":{"@id":"https:\/\/www.worldpancreaticcancercoalition.org\/pt-br\/#website"},"primaryImageOfPage":{"@id":"https:\/\/www.worldpancreaticcancercoalition.org\/pt-br\/members\/perfil-do-membro-meu-everest-odv\/#primaryimage"},"image":{"@id":"https:\/\/www.worldpancreaticcancercoalition.org\/pt-br\/members\/perfil-do-membro-meu-everest-odv\/#primaryimage"},"thumbnailUrl":"https:\/\/www.worldpancreaticcancercoalition.org\/wp-content\/uploads\/3_luigino-sala.jpg","datePublished":"2024-02-07T18:12:17+00:00","author":{"@id":"https:\/\/www.worldpancreaticcancercoalition.org\/pt-br\/#\/schema\/person\/83e6daa2e4af40ca74fe439355c389e7"},"breadcrumb":{"@id":"https:\/\/www.worldpancreaticcancercoalition.org\/pt-br\/members\/perfil-do-membro-meu-everest-odv\/#breadcrumb"},"inLanguage":"pt-BR","potentialAction":[{"@type":"ReadAction","target":["https:\/\/www.worldpancreaticcancercoalition.org\/pt-br\/members\/perfil-do-membro-meu-everest-odv\/"]}]},{"@type":"ImageObject","inLanguage":"pt-BR","@id":"https:\/\/www.worldpancreaticcancercoalition.org\/pt-br\/members\/perfil-do-membro-meu-everest-odv\/#primaryimage","url":"https:\/\/www.worldpancreaticcancercoalition.org\/wp-content\/uploads\/3_luigino-sala.jpg","contentUrl":"https:\/\/www.worldpancreaticcancercoalition.org\/wp-content\/uploads\/3_luigino-sala.jpg","width":960,"height":640},{"@type":"BreadcrumbList","@id":"https:\/\/www.worldpancreaticcancercoalition.org\/pt-br\/members\/perfil-do-membro-meu-everest-odv\/#breadcrumb","itemListElement":[{"@type":"ListItem","position":1,"name":"Home","item":"https:\/\/www.worldpancreaticcancercoalition.org\/pt-br\/2021-casa\/"},{"@type":"ListItem","position":2,"name":"Perfil do membro: Meu Everest ODV"}]},{"@type":"WebSite","@id":"https:\/\/www.worldpancreaticcancercoalition.org\/pt-br\/#website","url":"https:\/\/www.worldpancreaticcancercoalition.org\/pt-br\/","name":"World Pancreatic Cancer Coalition","description":"","potentialAction":[{"@type":"SearchAction","target":{"@type":"EntryPoint","urlTemplate":"https:\/\/www.worldpancreaticcancercoalition.org\/pt-br\/?s={search_term_string}"},"query-input":{"@type":"PropertyValueSpecification","valueRequired":true,"valueName":"search_term_string"}}],"inLanguage":"pt-BR"},{"@type":"Person","@id":"https:\/\/www.worldpancreaticcancercoalition.org\/pt-br\/#\/schema\/person\/83e6daa2e4af40ca74fe439355c389e7","name":"Evan Van Leeuwen","url":"https:\/\/www.worldpancreaticcancercoalition.org\/pt-br\/author\/evanleeuwen\/"}]}},"_links":{"self":[{"href":"https:\/\/www.worldpancreaticcancercoalition.org\/pt-br\/wp-json\/wp\/v2\/posts\/20010","targetHints":{"allow":["GET"]}}],"collection":[{"href":"https:\/\/www.worldpancreaticcancercoalition.org\/pt-br\/wp-json\/wp\/v2\/posts"}],"about":[{"href":"https:\/\/www.worldpancreaticcancercoalition.org\/pt-br\/wp-json\/wp\/v2\/types\/post"}],"author":[{"embeddable":true,"href":"https:\/\/www.worldpancreaticcancercoalition.org\/pt-br\/wp-json\/wp\/v2\/users\/18"}],"replies":[{"embeddable":true,"href":"https:\/\/www.worldpancreaticcancercoalition.org\/pt-br\/wp-json\/wp\/v2\/comments?post=20010"}],"version-history":[{"count":0,"href":"https:\/\/www.worldpancreaticcancercoalition.org\/pt-br\/wp-json\/wp\/v2\/posts\/20010\/revisions"}],"wp:featuredmedia":[{"embeddable":true,"href":"https:\/\/www.worldpancreaticcancercoalition.org\/pt-br\/wp-json\/wp\/v2\/media\/20012"}],"wp:attachment":[{"href":"https:\/\/www.worldpancreaticcancercoalition.org\/pt-br\/wp-json\/wp\/v2\/media?parent=20010"}],"wp:term":[{"taxonomy":"category","embeddable":true,"href":"https:\/\/www.worldpancreaticcancercoalition.org\/pt-br\/wp-json\/wp\/v2\/categories?post=20010"},{"taxonomy":"post_tag","embeddable":true,"href":"https:\/\/www.worldpancreaticcancercoalition.org\/pt-br\/wp-json\/wp\/v2\/tags?post=20010"},{"taxonomy":"member","embeddable":true,"href":"https:\/\/www.worldpancreaticcancercoalition.org\/pt-br\/wp-json\/wp\/v2\/member?post=20010"}],"curies":[{"name":"wp","href":"https:\/\/api.w.org\/{rel}","templated":true}]}}