{"id":19963,"date":"2023-08-15T20:18:01","date_gmt":"2023-08-15T20:18:01","guid":{"rendered":"https:\/\/www.worldpancreaticcancercoalition.org\/nao-categorizado\/perfil-dos-membros-fundacao-nacional-do-cancer-pancreatico\/"},"modified":"2023-08-15T20:18:01","modified_gmt":"2023-08-15T20:18:01","slug":"perfil-dos-membros-fundacao-nacional-do-cancer-pancreatico","status":"publish","type":"post","link":"https:\/\/www.worldpancreaticcancercoalition.org\/pt-br\/members\/perfil-dos-membros-fundacao-nacional-do-cancer-pancreatico\/","title":{"rendered":"Perfil dos membros: Funda\u00e7\u00e3o Nacional do C\u00e2ncer Pancre\u00e1tico"},"content":{"rendered":"<p>Em 2009, Rhonda Williams criou a National Pancreatic Cancer Foundation ap\u00f3s a tr\u00e1gica perda de um membro da fam\u00edlia devido ao c\u00e2ncer de p\u00e2ncreas. Esse infeliz evento destacou a falta de conscientiza\u00e7\u00e3o e de financiamento dedicados ao c\u00e2ncer de p\u00e2ncreas. Reconhecendo a necessidade premente de maior apoio e pesquisa para esse tipo de c\u00e2ncer, a funda\u00e7\u00e3o visava garantir melhores cuidados e recursos para futuros pacientes que enfrentassem diagn\u00f3sticos de c\u00e2ncer de p\u00e2ncreas.<\/p>\n<p>Eles t\u00eam quatro objetivos principais:<\/p>\n<p>1. Assist\u00eancia financeira direta: Eles oferecem at\u00e9 tr\u00eas meses de aux\u00edlio financeiro para ajudar as fam\u00edlias com aluguel e servi\u00e7os p\u00fablicos durante sua jornada desafiadora com o c\u00e2ncer de p\u00e2ncreas.<\/p>\n<p>2. Pesquisa para detec\u00e7\u00e3o precoce e modalidades alternativas: Eles priorizam o financiamento de iniciativas de pesquisa voltadas para m\u00e9todos de detec\u00e7\u00e3o precoce e a explora\u00e7\u00e3o de abordagens alternativas e integrativas para o tratamento do c\u00e2ncer de p\u00e2ncreas.<\/p>\n<p>3. Conscientiza\u00e7\u00e3o educacional: Aumentar a conscientiza\u00e7\u00e3o sobre o c\u00e2ncer de p\u00e2ncreas \u00e9 um aspecto crucial da sua miss\u00e3o. N\u00f3s nos esfor\u00e7amos para educar o p\u00fablico sobre a doen\u00e7a, seus fatores de risco e a import\u00e2ncia da detec\u00e7\u00e3o precoce.<\/p>\n<p>4. Defesa do paciente: A organiza\u00e7\u00e3o defende ativamente os direitos e o bem-estar dos pacientes com c\u00e2ncer de p\u00e2ncreas, trabalhando para melhorar o acesso a atendimento de qualidade e servi\u00e7os de apoio.<\/p>\n<h3>Projetos em andamento<\/h3>\n<p>Atualmente, eles est\u00e3o trabalhando na educa\u00e7\u00e3o de pacientes e m\u00e9dicos sobre a utiliza\u00e7\u00e3o n\u00e3o apenas de tratamentos convencionais, mas tamb\u00e9m de op\u00e7\u00f5es alternativas que abordam o bem-estar hol\u00edstico da mente, do corpo e da alma no tratamento do c\u00e2ncer de p\u00e2ncreas.<\/p>\n<p>Sua principal meta para o pr\u00f3ximo ano \u00e9 aumentar a conscientiza\u00e7\u00e3o entre aqueles que podem n\u00e3o estar familiarizados com o c\u00e2ncer de p\u00e2ncreas at\u00e9 que um diagn\u00f3stico afete a eles ou a seus entes queridos. Seu objetivo \u00e9 educar n\u00e3o apenas os pacientes, mas tamb\u00e9m os m\u00e9dicos sobre os poss\u00edveis benef\u00edcios de explorar tratamentos alternativos para aumentar as taxas de sobreviv\u00eancia. Capacitar profissionais da \u00e1rea m\u00e9dica para conduzir pesquisas sobre terapias alternativas \u00e9 um aspecto crucial de sua miss\u00e3o.<\/p>\n<p><img loading=\"lazy\" decoding=\"async\" class=\"wp-image-15229 aligncenter\" src=\"https:\/\/www.worldpancreaticcancercoalition.org\/wp-content\/uploads\/\/Racing-for-awareness-Badlands-SD-1-1-300x169.jpeg\" alt=\"\" width=\"617\" height=\"347\" srcset=\"https:\/\/www.worldpancreaticcancercoalition.org\/wp-content\/uploads\/Racing-for-awareness-Badlands-SD-1-1-300x169.jpeg 300w, https:\/\/www.worldpancreaticcancercoalition.org\/wp-content\/uploads\/Racing-for-awareness-Badlands-SD-1-1-1030x579.jpeg 1030w, https:\/\/www.worldpancreaticcancercoalition.org\/wp-content\/uploads\/Racing-for-awareness-Badlands-SD-1-1-1536x864.jpeg 1536w, https:\/\/www.worldpancreaticcancercoalition.org\/wp-content\/uploads\/Racing-for-awareness-Badlands-SD-1-1-2048x1152.jpeg 2048w, https:\/\/www.worldpancreaticcancercoalition.org\/wp-content\/uploads\/Racing-for-awareness-Badlands-SD-1-1-1500x844.jpeg 1500w, https:\/\/www.worldpancreaticcancercoalition.org\/wp-content\/uploads\/Racing-for-awareness-Badlands-SD-1-1-705x396.jpeg 705w, https:\/\/www.worldpancreaticcancercoalition.org\/wp-content\/uploads\/Racing-for-awareness-Badlands-SD-1-1-267x150.jpeg 267w, https:\/\/www.worldpancreaticcancercoalition.org\/wp-content\/uploads\/Racing-for-awareness-Badlands-SD-1-1-213x120.jpeg 213w\" sizes=\"auto, (max-width: 617px) 100vw, 617px\" \/><\/p>\n<p>Para saber mais sobre a National Pancreatic Cancer Foundation, visite <a href=\"https:\/\/www.worldpancreaticcancercoalition.org\/member\/national-pancreatic-cancer-foundation\/\">a p\u00e1gina de membros<\/a><\/p>\n<p>&nbsp;<\/p>\n<p>&nbsp;<\/p>\n<p>&nbsp;<\/p>\n<p>&nbsp;<\/p>\n<p>&nbsp;<\/p>\n<p>&nbsp;<\/p>\n<!-- AddThis Advanced Settings generic via filter on the_content --><!-- AddThis Share Buttons generic via filter on the_content -->","protected":false},"excerpt":{"rendered":"<p>Em 2009, Rhonda Williams criou a National Pancreatic Cancer Foundation ap\u00f3s a tr\u00e1gica perda de um membro da fam\u00edlia devido ao c\u00e2ncer de p\u00e2ncreas. Esse infeliz evento destacou a falta de conscientiza\u00e7\u00e3o e de financiamento dedicados ao c\u00e2ncer de p\u00e2ncreas. Reconhecendo a necessidade premente de maior apoio e pesquisa para esse tipo de c\u00e2ncer, a [&hellip;]<!-- AddThis Advanced Settings generic via filter on get_the_excerpt --><!-- AddThis Share Buttons generic via filter on get_the_excerpt --><\/p>\n","protected":false},"author":18,"featured_media":19966,"comment_status":"closed","ping_status":"closed","sticky":false,"template":"","format":"standard","meta":{"_acf_changed":false,"footnotes":""},"categories":[7,115,119,117,4],"tags":[],"member":[],"class_list":["post-19963","post","type-post","status-publish","format-standard","has-post-thumbnail","hentry","category-members","category-membres","category-membri","category-miembros","category-news"],"acf":[],"yoast_head":"<!-- This site is optimized with the Yoast SEO plugin v26.6 - https:\/\/yoast.com\/wordpress\/plugins\/seo\/ -->\n<title>Perfil dos membros: Funda\u00e7\u00e3o Nacional do C\u00e2ncer Pancre\u00e1tico - World Pancreatic Cancer Coalition<\/title>\n<meta name=\"robots\" content=\"index, follow, max-snippet:-1, max-image-preview:large, max-video-preview:-1\" \/>\n<link rel=\"canonical\" href=\"https:\/\/www.worldpancreaticcancercoalition.org\/pt-br\/members\/perfil-dos-membros-fundacao-nacional-do-cancer-pancreatico\/\" \/>\n<meta property=\"og:locale\" content=\"pt_BR\" \/>\n<meta property=\"og:type\" content=\"article\" \/>\n<meta property=\"og:title\" content=\"Perfil dos membros: Funda\u00e7\u00e3o Nacional do C\u00e2ncer Pancre\u00e1tico - World Pancreatic Cancer Coalition\" \/>\n<meta property=\"og:description\" content=\"Em 2009, Rhonda Williams criou a National Pancreatic Cancer Foundation ap\u00f3s a tr\u00e1gica perda de um membro da fam\u00edlia devido ao c\u00e2ncer de p\u00e2ncreas. Esse infeliz evento destacou a falta de conscientiza\u00e7\u00e3o e de financiamento dedicados ao c\u00e2ncer de p\u00e2ncreas. Reconhecendo a necessidade premente de maior apoio e pesquisa para esse tipo de c\u00e2ncer, a [&hellip;]\" \/>\n<meta property=\"og:url\" content=\"https:\/\/www.worldpancreaticcancercoalition.org\/pt-br\/members\/perfil-dos-membros-fundacao-nacional-do-cancer-pancreatico\/\" \/>\n<meta property=\"og:site_name\" content=\"World Pancreatic Cancer Coalition\" \/>\n<meta property=\"article:published_time\" content=\"2023-08-15T20:18:01+00:00\" \/>\n<meta property=\"og:image\" content=\"https:\/\/www.worldpancreaticcancercoalition.org\/wp-content\/uploads\/UIP-Houston-2022-1030x687.jpg\" \/>\n\t<meta property=\"og:image:width\" content=\"1030\" \/>\n\t<meta property=\"og:image:height\" content=\"687\" \/>\n\t<meta property=\"og:image:type\" content=\"image\/jpeg\" \/>\n<meta name=\"author\" content=\"Evan Van Leeuwen\" \/>\n<meta name=\"twitter:card\" content=\"summary_large_image\" \/>\n<meta name=\"twitter:label1\" content=\"Escrito por\" \/>\n\t<meta name=\"twitter:data1\" content=\"Evan Van Leeuwen\" \/>\n\t<meta name=\"twitter:label2\" content=\"Est. tempo de leitura\" \/>\n\t<meta name=\"twitter:data2\" content=\"2 minutos\" \/>\n<script type=\"application\/ld+json\" class=\"yoast-schema-graph\">{\"@context\":\"https:\/\/schema.org\",\"@graph\":[{\"@type\":\"WebPage\",\"@id\":\"https:\/\/www.worldpancreaticcancercoalition.org\/pt-br\/members\/perfil-dos-membros-fundacao-nacional-do-cancer-pancreatico\/\",\"url\":\"https:\/\/www.worldpancreaticcancercoalition.org\/pt-br\/members\/perfil-dos-membros-fundacao-nacional-do-cancer-pancreatico\/\",\"name\":\"Perfil dos membros: Funda\u00e7\u00e3o Nacional do C\u00e2ncer Pancre\u00e1tico - World Pancreatic Cancer Coalition\",\"isPartOf\":{\"@id\":\"https:\/\/www.worldpancreaticcancercoalition.org\/pt-br\/#website\"},\"primaryImageOfPage\":{\"@id\":\"https:\/\/www.worldpancreaticcancercoalition.org\/pt-br\/members\/perfil-dos-membros-fundacao-nacional-do-cancer-pancreatico\/#primaryimage\"},\"image\":{\"@id\":\"https:\/\/www.worldpancreaticcancercoalition.org\/pt-br\/members\/perfil-dos-membros-fundacao-nacional-do-cancer-pancreatico\/#primaryimage\"},\"thumbnailUrl\":\"https:\/\/www.worldpancreaticcancercoalition.org\/wp-content\/uploads\/UIP-Houston-2022-scaled.jpg\",\"datePublished\":\"2023-08-15T20:18:01+00:00\",\"author\":{\"@id\":\"https:\/\/www.worldpancreaticcancercoalition.org\/pt-br\/#\/schema\/person\/83e6daa2e4af40ca74fe439355c389e7\"},\"breadcrumb\":{\"@id\":\"https:\/\/www.worldpancreaticcancercoalition.org\/pt-br\/members\/perfil-dos-membros-fundacao-nacional-do-cancer-pancreatico\/#breadcrumb\"},\"inLanguage\":\"pt-BR\",\"potentialAction\":[{\"@type\":\"ReadAction\",\"target\":[\"https:\/\/www.worldpancreaticcancercoalition.org\/pt-br\/members\/perfil-dos-membros-fundacao-nacional-do-cancer-pancreatico\/\"]}]},{\"@type\":\"ImageObject\",\"inLanguage\":\"pt-BR\",\"@id\":\"https:\/\/www.worldpancreaticcancercoalition.org\/pt-br\/members\/perfil-dos-membros-fundacao-nacional-do-cancer-pancreatico\/#primaryimage\",\"url\":\"https:\/\/www.worldpancreaticcancercoalition.org\/wp-content\/uploads\/UIP-Houston-2022-scaled.jpg\",\"contentUrl\":\"https:\/\/www.worldpancreaticcancercoalition.org\/wp-content\/uploads\/UIP-Houston-2022-scaled.jpg\",\"width\":2560,\"height\":1706},{\"@type\":\"BreadcrumbList\",\"@id\":\"https:\/\/www.worldpancreaticcancercoalition.org\/pt-br\/members\/perfil-dos-membros-fundacao-nacional-do-cancer-pancreatico\/#breadcrumb\",\"itemListElement\":[{\"@type\":\"ListItem\",\"position\":1,\"name\":\"Home\",\"item\":\"https:\/\/www.worldpancreaticcancercoalition.org\/pt-br\/2021-casa\/\"},{\"@type\":\"ListItem\",\"position\":2,\"name\":\"Perfil dos membros: Funda\u00e7\u00e3o Nacional do C\u00e2ncer Pancre\u00e1tico\"}]},{\"@type\":\"WebSite\",\"@id\":\"https:\/\/www.worldpancreaticcancercoalition.org\/pt-br\/#website\",\"url\":\"https:\/\/www.worldpancreaticcancercoalition.org\/pt-br\/\",\"name\":\"World Pancreatic Cancer Coalition\",\"description\":\"\",\"potentialAction\":[{\"@type\":\"SearchAction\",\"target\":{\"@type\":\"EntryPoint\",\"urlTemplate\":\"https:\/\/www.worldpancreaticcancercoalition.org\/pt-br\/?s={search_term_string}\"},\"query-input\":{\"@type\":\"PropertyValueSpecification\",\"valueRequired\":true,\"valueName\":\"search_term_string\"}}],\"inLanguage\":\"pt-BR\"},{\"@type\":\"Person\",\"@id\":\"https:\/\/www.worldpancreaticcancercoalition.org\/pt-br\/#\/schema\/person\/83e6daa2e4af40ca74fe439355c389e7\",\"name\":\"Evan Van Leeuwen\",\"url\":\"https:\/\/www.worldpancreaticcancercoalition.org\/pt-br\/author\/evanleeuwen\/\"}]}<\/script>\n<!-- \/ Yoast SEO plugin. -->","yoast_head_json":{"title":"Perfil dos membros: Funda\u00e7\u00e3o Nacional do C\u00e2ncer Pancre\u00e1tico - World Pancreatic Cancer Coalition","robots":{"index":"index","follow":"follow","max-snippet":"max-snippet:-1","max-image-preview":"max-image-preview:large","max-video-preview":"max-video-preview:-1"},"canonical":"https:\/\/www.worldpancreaticcancercoalition.org\/pt-br\/members\/perfil-dos-membros-fundacao-nacional-do-cancer-pancreatico\/","og_locale":"pt_BR","og_type":"article","og_title":"Perfil dos membros: Funda\u00e7\u00e3o Nacional do C\u00e2ncer Pancre\u00e1tico - World Pancreatic Cancer Coalition","og_description":"Em 2009, Rhonda Williams criou a National Pancreatic Cancer Foundation ap\u00f3s a tr\u00e1gica perda de um membro da fam\u00edlia devido ao c\u00e2ncer de p\u00e2ncreas. Esse infeliz evento destacou a falta de conscientiza\u00e7\u00e3o e de financiamento dedicados ao c\u00e2ncer de p\u00e2ncreas. Reconhecendo a necessidade premente de maior apoio e pesquisa para esse tipo de c\u00e2ncer, a [&hellip;]","og_url":"https:\/\/www.worldpancreaticcancercoalition.org\/pt-br\/members\/perfil-dos-membros-fundacao-nacional-do-cancer-pancreatico\/","og_site_name":"World Pancreatic Cancer Coalition","article_published_time":"2023-08-15T20:18:01+00:00","og_image":[{"width":1030,"height":687,"url":"https:\/\/www.worldpancreaticcancercoalition.org\/wp-content\/uploads\/UIP-Houston-2022-1030x687.jpg","type":"image\/jpeg"}],"author":"Evan Van Leeuwen","twitter_card":"summary_large_image","twitter_misc":{"Escrito por":"Evan Van Leeuwen","Est. tempo de leitura":"2 minutos"},"schema":{"@context":"https:\/\/schema.org","@graph":[{"@type":"WebPage","@id":"https:\/\/www.worldpancreaticcancercoalition.org\/pt-br\/members\/perfil-dos-membros-fundacao-nacional-do-cancer-pancreatico\/","url":"https:\/\/www.worldpancreaticcancercoalition.org\/pt-br\/members\/perfil-dos-membros-fundacao-nacional-do-cancer-pancreatico\/","name":"Perfil dos membros: Funda\u00e7\u00e3o Nacional do C\u00e2ncer Pancre\u00e1tico - World Pancreatic Cancer Coalition","isPartOf":{"@id":"https:\/\/www.worldpancreaticcancercoalition.org\/pt-br\/#website"},"primaryImageOfPage":{"@id":"https:\/\/www.worldpancreaticcancercoalition.org\/pt-br\/members\/perfil-dos-membros-fundacao-nacional-do-cancer-pancreatico\/#primaryimage"},"image":{"@id":"https:\/\/www.worldpancreaticcancercoalition.org\/pt-br\/members\/perfil-dos-membros-fundacao-nacional-do-cancer-pancreatico\/#primaryimage"},"thumbnailUrl":"https:\/\/www.worldpancreaticcancercoalition.org\/wp-content\/uploads\/UIP-Houston-2022-scaled.jpg","datePublished":"2023-08-15T20:18:01+00:00","author":{"@id":"https:\/\/www.worldpancreaticcancercoalition.org\/pt-br\/#\/schema\/person\/83e6daa2e4af40ca74fe439355c389e7"},"breadcrumb":{"@id":"https:\/\/www.worldpancreaticcancercoalition.org\/pt-br\/members\/perfil-dos-membros-fundacao-nacional-do-cancer-pancreatico\/#breadcrumb"},"inLanguage":"pt-BR","potentialAction":[{"@type":"ReadAction","target":["https:\/\/www.worldpancreaticcancercoalition.org\/pt-br\/members\/perfil-dos-membros-fundacao-nacional-do-cancer-pancreatico\/"]}]},{"@type":"ImageObject","inLanguage":"pt-BR","@id":"https:\/\/www.worldpancreaticcancercoalition.org\/pt-br\/members\/perfil-dos-membros-fundacao-nacional-do-cancer-pancreatico\/#primaryimage","url":"https:\/\/www.worldpancreaticcancercoalition.org\/wp-content\/uploads\/UIP-Houston-2022-scaled.jpg","contentUrl":"https:\/\/www.worldpancreaticcancercoalition.org\/wp-content\/uploads\/UIP-Houston-2022-scaled.jpg","width":2560,"height":1706},{"@type":"BreadcrumbList","@id":"https:\/\/www.worldpancreaticcancercoalition.org\/pt-br\/members\/perfil-dos-membros-fundacao-nacional-do-cancer-pancreatico\/#breadcrumb","itemListElement":[{"@type":"ListItem","position":1,"name":"Home","item":"https:\/\/www.worldpancreaticcancercoalition.org\/pt-br\/2021-casa\/"},{"@type":"ListItem","position":2,"name":"Perfil dos membros: Funda\u00e7\u00e3o Nacional do C\u00e2ncer Pancre\u00e1tico"}]},{"@type":"WebSite","@id":"https:\/\/www.worldpancreaticcancercoalition.org\/pt-br\/#website","url":"https:\/\/www.worldpancreaticcancercoalition.org\/pt-br\/","name":"World Pancreatic Cancer Coalition","description":"","potentialAction":[{"@type":"SearchAction","target":{"@type":"EntryPoint","urlTemplate":"https:\/\/www.worldpancreaticcancercoalition.org\/pt-br\/?s={search_term_string}"},"query-input":{"@type":"PropertyValueSpecification","valueRequired":true,"valueName":"search_term_string"}}],"inLanguage":"pt-BR"},{"@type":"Person","@id":"https:\/\/www.worldpancreaticcancercoalition.org\/pt-br\/#\/schema\/person\/83e6daa2e4af40ca74fe439355c389e7","name":"Evan Van Leeuwen","url":"https:\/\/www.worldpancreaticcancercoalition.org\/pt-br\/author\/evanleeuwen\/"}]}},"_links":{"self":[{"href":"https:\/\/www.worldpancreaticcancercoalition.org\/pt-br\/wp-json\/wp\/v2\/posts\/19963","targetHints":{"allow":["GET"]}}],"collection":[{"href":"https:\/\/www.worldpancreaticcancercoalition.org\/pt-br\/wp-json\/wp\/v2\/posts"}],"about":[{"href":"https:\/\/www.worldpancreaticcancercoalition.org\/pt-br\/wp-json\/wp\/v2\/types\/post"}],"author":[{"embeddable":true,"href":"https:\/\/www.worldpancreaticcancercoalition.org\/pt-br\/wp-json\/wp\/v2\/users\/18"}],"replies":[{"embeddable":true,"href":"https:\/\/www.worldpancreaticcancercoalition.org\/pt-br\/wp-json\/wp\/v2\/comments?post=19963"}],"version-history":[{"count":0,"href":"https:\/\/www.worldpancreaticcancercoalition.org\/pt-br\/wp-json\/wp\/v2\/posts\/19963\/revisions"}],"wp:featuredmedia":[{"embeddable":true,"href":"https:\/\/www.worldpancreaticcancercoalition.org\/pt-br\/wp-json\/wp\/v2\/media\/19966"}],"wp:attachment":[{"href":"https:\/\/www.worldpancreaticcancercoalition.org\/pt-br\/wp-json\/wp\/v2\/media?parent=19963"}],"wp:term":[{"taxonomy":"category","embeddable":true,"href":"https:\/\/www.worldpancreaticcancercoalition.org\/pt-br\/wp-json\/wp\/v2\/categories?post=19963"},{"taxonomy":"post_tag","embeddable":true,"href":"https:\/\/www.worldpancreaticcancercoalition.org\/pt-br\/wp-json\/wp\/v2\/tags?post=19963"},{"taxonomy":"member","embeddable":true,"href":"https:\/\/www.worldpancreaticcancercoalition.org\/pt-br\/wp-json\/wp\/v2\/member?post=19963"}],"curies":[{"name":"wp","href":"https:\/\/api.w.org\/{rel}","templated":true}]}}