{"id":10786,"date":"2022-11-09T01:34:03","date_gmt":"2022-11-09T01:34:03","guid":{"rendered":"https:\/\/www.worldpancreaticcancercoalition.org\/?post_type=my_story&#038;p=10786"},"modified":"2022-11-09T19:58:30","modified_gmt":"2022-11-09T19:58:30","slug":"laura","status":"publish","type":"my_story","link":"https:\/\/www.worldpancreaticcancercoalition.org\/it\/my_story\/laura\/","title":{"rendered":"Laura"},"content":{"rendered":"<p><img decoding=\"async\" src=\"https:\/\/www.worldpancreaticcancercoalition.org\/wp-content\/uploads\/gravity_forms\/3-d5771912b1c8d5ad9903304a3b30e56a\/2022\/11\/80459d90-cfe5-494d-b779-c6cd803469ab.JPG\" \/><\/p>\n<p class=\"subhead-text-purp-med-gf\" style=\"text-align: left;\">Questa \u00e8 la mia storia<\/p>\n<p>&nbsp;<\/p>\n<p class=\"subhead-text-purp-med-gf\" style=\"text-align: left;\">This event took place from 12\/02\/2020 to now<\/p>\n<p>&nbsp;<\/p>\n<p class=\"subhead-text-purp-med-gf\" style=\"text-align: left;\">The Discovery<\/p>\n<p>A ottobre del 2020 ho cominciato ad avere dei fastidi sul fianco destro, associati a dei problemi di digestione, diarrea improvvisa e dei dolori notturni lineari a met\u00e0\u00a0 schiena. Ma nulla che mi impedisse di svolgere la mia quotidianit\u00e0\u00a0 lavorativa e familiare, i fastidi passavano se facevo degli allungamenti o se appoggiavo qualcosa di caldo. Le analisi andavano tutte bene. Il sospetto che ci fosse qualcosa di anomalo l\u2019ho avuto dalla dottoressa che mi ha fatto l\u2019ecografia a fine novembre. Mi ha consigliato di fare urgentemente una tac con liquido di contrasto. La diagnosi \u00e8 arrivata il 2 dicembre 2020 \u201cadenocarninoma al pancreas\u201d.<br \/>\nQuando ho avuto la diagnosi ho capito da come parlavano i medici di quanto il TEMPO fosse importante. \u201cBisogna correre \u2026Una settimana fa la differenza\u201d hanno detto!<br \/>\nHo iniziato la chemioterapia il 21 dicembre del 2020 e ancora oggi mi sto curando. Una diagnosi precoce \u00e8 importantissima perch\u00e9 questo tumore \u00e8 silenzioso veloce e aggressivo, quindi \u2026 bisogna correre!!!<\/p>\n<p>&nbsp;<\/p>\n<p class=\"subhead-text-purp-med-gf\" style=\"text-align: left;\">The Impact of Time<\/p>\n<p>Il concetto del tempo oggi per me \u00e8 \u201cIl tempo che rimane\u201d, \u00e8 un concetto che ognuno di noi dovrebbe avere. La mia giornata deve essere bella. Non sempre \u00e8 facile perch\u00e9 gli eventi certe volte sono avversi, ma mi piace sempre cercare trovare e vedere qualcosa di positivo nella mio quotidiano \u2026 \u00e8 questione di allenamento!<br \/>\nOggi il tempo \u00e8 ricco \u2026. Pieno di famiglia, lavoro, amici, attivit\u00e0\u00a0 fisica e progetti per la ricerca.<br \/>\nCon la Fondazione Nadia Valsecchi, che fa parte della coalizione, sto organizzando la II\u00c2\u00b0 camminata viola nel mio paese per sensibilizzare sul tumore al pancreas e sto concretizzando un progetto di supporto e condivisione sulla nostra quotidianit\u00e0\u00a0 tra pazienti che spero possa in futuro dare i suoi frutti.<br \/>\nVivo bene il presente e penso al futuro ponendomi obbiettivi e pensando a nuovi progetti che possano sensibilizzare di pi\u00f9 sulla patologia, possano dare risorse alla ricerca e possano fare stare bene me e altri pazienti.<br \/>\nIo oggi vivo e ho tanti momenti di serenit\u00e0\u00a0 e felicit\u00e0\u00a0.<\/p>\n<p>&nbsp;<\/p>\n<p>&nbsp;<\/p>\n<!-- AddThis Advanced Settings generic via filter on the_content --><!-- AddThis Share Buttons generic via filter on the_content -->","protected":false},"excerpt":{"rendered":"<p>Questa \u00c3\u00a8 la mia storia<!-- AddThis Advanced Settings generic via filter on get_the_excerpt --><!-- AddThis Share Buttons generic via filter on get_the_excerpt --><\/p>\n","protected":false},"featured_media":0,"menu_order":0,"template":"","format":"standard","meta":{"_acf_changed":false,"footnotes":""},"categories":[9],"tags":[11],"member":[],"class_list":["post-10786","my_story","type-my_story","status-publish","format-standard","hentry","category-my-story","tag-real-stories"],"acf":[],"yoast_head":"<!-- This site is optimized with the Yoast SEO plugin v26.6 - https:\/\/yoast.com\/wordpress\/plugins\/seo\/ -->\n<title>Laura - World Pancreatic Cancer Coalition<\/title>\n<meta name=\"robots\" content=\"index, follow, max-snippet:-1, max-image-preview:large, max-video-preview:-1\" \/>\n<link rel=\"canonical\" href=\"https:\/\/www.worldpancreaticcancercoalition.org\/it\/my_story\/laura\/\" \/>\n<meta property=\"og:locale\" content=\"it_IT\" \/>\n<meta property=\"og:type\" content=\"article\" \/>\n<meta property=\"og:title\" content=\"Laura - World Pancreatic Cancer Coalition\" \/>\n<meta property=\"og:description\" content=\"Questa \u00c3\u00a8 la mia storia\" \/>\n<meta property=\"og:url\" content=\"https:\/\/www.worldpancreaticcancercoalition.org\/it\/my_story\/laura\/\" \/>\n<meta property=\"og:site_name\" content=\"World Pancreatic Cancer Coalition\" \/>\n<meta property=\"article:modified_time\" content=\"2022-11-09T19:58:30+00:00\" \/>\n<meta property=\"og:image\" content=\"https:\/\/www.worldpancreaticcancercoalition.org\/wp-content\/uploads\/gravity_forms\/3-d5771912b1c8d5ad9903304a3b30e56a\/2022\/11\/80459d90-cfe5-494d-b779-c6cd803469ab.JPG\" \/>\n<meta name=\"twitter:card\" content=\"summary_large_image\" \/>\n<meta name=\"twitter:label1\" content=\"Tempo di lettura stimato\" \/>\n\t<meta name=\"twitter:data1\" content=\"2 minuti\" \/>\n<script type=\"application\/ld+json\" class=\"yoast-schema-graph\">{\"@context\":\"https:\/\/schema.org\",\"@graph\":[{\"@type\":\"WebPage\",\"@id\":\"https:\/\/www.worldpancreaticcancercoalition.org\/it\/my_story\/laura\/\",\"url\":\"https:\/\/www.worldpancreaticcancercoalition.org\/it\/my_story\/laura\/\",\"name\":\"Laura - World Pancreatic Cancer Coalition\",\"isPartOf\":{\"@id\":\"https:\/\/www.worldpancreaticcancercoalition.org\/it\/#website\"},\"primaryImageOfPage\":{\"@id\":\"https:\/\/www.worldpancreaticcancercoalition.org\/it\/my_story\/laura\/#primaryimage\"},\"image\":{\"@id\":\"https:\/\/www.worldpancreaticcancercoalition.org\/it\/my_story\/laura\/#primaryimage\"},\"thumbnailUrl\":\"https:\/\/www.worldpancreaticcancercoalition.org\/wp-content\/uploads\/gravity_forms\/3-d5771912b1c8d5ad9903304a3b30e56a\/2022\/11\/80459d90-cfe5-494d-b779-c6cd803469ab.JPG\",\"datePublished\":\"2022-11-09T01:34:03+00:00\",\"dateModified\":\"2022-11-09T19:58:30+00:00\",\"breadcrumb\":{\"@id\":\"https:\/\/www.worldpancreaticcancercoalition.org\/it\/my_story\/laura\/#breadcrumb\"},\"inLanguage\":\"it-IT\",\"potentialAction\":[{\"@type\":\"ReadAction\",\"target\":[\"https:\/\/www.worldpancreaticcancercoalition.org\/it\/my_story\/laura\/\"]}]},{\"@type\":\"ImageObject\",\"inLanguage\":\"it-IT\",\"@id\":\"https:\/\/www.worldpancreaticcancercoalition.org\/it\/my_story\/laura\/#primaryimage\",\"url\":\"https:\/\/www.worldpancreaticcancercoalition.org\/wp-content\/uploads\/gravity_forms\/3-d5771912b1c8d5ad9903304a3b30e56a\/2022\/11\/80459d90-cfe5-494d-b779-c6cd803469ab.JPG\",\"contentUrl\":\"https:\/\/www.worldpancreaticcancercoalition.org\/wp-content\/uploads\/gravity_forms\/3-d5771912b1c8d5ad9903304a3b30e56a\/2022\/11\/80459d90-cfe5-494d-b779-c6cd803469ab.JPG\"},{\"@type\":\"BreadcrumbList\",\"@id\":\"https:\/\/www.worldpancreaticcancercoalition.org\/it\/my_story\/laura\/#breadcrumb\",\"itemListElement\":[{\"@type\":\"ListItem\",\"position\":1,\"name\":\"Home\",\"item\":\"https:\/\/www.worldpancreaticcancercoalition.org\/it\/2021-casa\/\"},{\"@type\":\"ListItem\",\"position\":2,\"name\":\"Laura\"}]},{\"@type\":\"WebSite\",\"@id\":\"https:\/\/www.worldpancreaticcancercoalition.org\/it\/#website\",\"url\":\"https:\/\/www.worldpancreaticcancercoalition.org\/it\/\",\"name\":\"World Pancreatic Cancer Coalition\",\"description\":\"\",\"potentialAction\":[{\"@type\":\"SearchAction\",\"target\":{\"@type\":\"EntryPoint\",\"urlTemplate\":\"https:\/\/www.worldpancreaticcancercoalition.org\/it\/?s={search_term_string}\"},\"query-input\":{\"@type\":\"PropertyValueSpecification\",\"valueRequired\":true,\"valueName\":\"search_term_string\"}}],\"inLanguage\":\"it-IT\"}]}<\/script>\n<!-- \/ Yoast SEO plugin. -->","yoast_head_json":{"title":"Laura - World Pancreatic Cancer Coalition","robots":{"index":"index","follow":"follow","max-snippet":"max-snippet:-1","max-image-preview":"max-image-preview:large","max-video-preview":"max-video-preview:-1"},"canonical":"https:\/\/www.worldpancreaticcancercoalition.org\/it\/my_story\/laura\/","og_locale":"it_IT","og_type":"article","og_title":"Laura - World Pancreatic Cancer Coalition","og_description":"Questa \u00c3\u00a8 la mia storia","og_url":"https:\/\/www.worldpancreaticcancercoalition.org\/it\/my_story\/laura\/","og_site_name":"World Pancreatic Cancer Coalition","article_modified_time":"2022-11-09T19:58:30+00:00","og_image":[{"url":"https:\/\/www.worldpancreaticcancercoalition.org\/wp-content\/uploads\/gravity_forms\/3-d5771912b1c8d5ad9903304a3b30e56a\/2022\/11\/80459d90-cfe5-494d-b779-c6cd803469ab.JPG","type":"","width":"","height":""}],"twitter_card":"summary_large_image","twitter_misc":{"Tempo di lettura stimato":"2 minuti"},"schema":{"@context":"https:\/\/schema.org","@graph":[{"@type":"WebPage","@id":"https:\/\/www.worldpancreaticcancercoalition.org\/it\/my_story\/laura\/","url":"https:\/\/www.worldpancreaticcancercoalition.org\/it\/my_story\/laura\/","name":"Laura - World Pancreatic Cancer Coalition","isPartOf":{"@id":"https:\/\/www.worldpancreaticcancercoalition.org\/it\/#website"},"primaryImageOfPage":{"@id":"https:\/\/www.worldpancreaticcancercoalition.org\/it\/my_story\/laura\/#primaryimage"},"image":{"@id":"https:\/\/www.worldpancreaticcancercoalition.org\/it\/my_story\/laura\/#primaryimage"},"thumbnailUrl":"https:\/\/www.worldpancreaticcancercoalition.org\/wp-content\/uploads\/gravity_forms\/3-d5771912b1c8d5ad9903304a3b30e56a\/2022\/11\/80459d90-cfe5-494d-b779-c6cd803469ab.JPG","datePublished":"2022-11-09T01:34:03+00:00","dateModified":"2022-11-09T19:58:30+00:00","breadcrumb":{"@id":"https:\/\/www.worldpancreaticcancercoalition.org\/it\/my_story\/laura\/#breadcrumb"},"inLanguage":"it-IT","potentialAction":[{"@type":"ReadAction","target":["https:\/\/www.worldpancreaticcancercoalition.org\/it\/my_story\/laura\/"]}]},{"@type":"ImageObject","inLanguage":"it-IT","@id":"https:\/\/www.worldpancreaticcancercoalition.org\/it\/my_story\/laura\/#primaryimage","url":"https:\/\/www.worldpancreaticcancercoalition.org\/wp-content\/uploads\/gravity_forms\/3-d5771912b1c8d5ad9903304a3b30e56a\/2022\/11\/80459d90-cfe5-494d-b779-c6cd803469ab.JPG","contentUrl":"https:\/\/www.worldpancreaticcancercoalition.org\/wp-content\/uploads\/gravity_forms\/3-d5771912b1c8d5ad9903304a3b30e56a\/2022\/11\/80459d90-cfe5-494d-b779-c6cd803469ab.JPG"},{"@type":"BreadcrumbList","@id":"https:\/\/www.worldpancreaticcancercoalition.org\/it\/my_story\/laura\/#breadcrumb","itemListElement":[{"@type":"ListItem","position":1,"name":"Home","item":"https:\/\/www.worldpancreaticcancercoalition.org\/it\/2021-casa\/"},{"@type":"ListItem","position":2,"name":"Laura"}]},{"@type":"WebSite","@id":"https:\/\/www.worldpancreaticcancercoalition.org\/it\/#website","url":"https:\/\/www.worldpancreaticcancercoalition.org\/it\/","name":"World Pancreatic Cancer Coalition","description":"","potentialAction":[{"@type":"SearchAction","target":{"@type":"EntryPoint","urlTemplate":"https:\/\/www.worldpancreaticcancercoalition.org\/it\/?s={search_term_string}"},"query-input":{"@type":"PropertyValueSpecification","valueRequired":true,"valueName":"search_term_string"}}],"inLanguage":"it-IT"}]}},"_links":{"self":[{"href":"https:\/\/www.worldpancreaticcancercoalition.org\/it\/wp-json\/wp\/v2\/my_story\/10786","targetHints":{"allow":["GET"]}}],"collection":[{"href":"https:\/\/www.worldpancreaticcancercoalition.org\/it\/wp-json\/wp\/v2\/my_story"}],"about":[{"href":"https:\/\/www.worldpancreaticcancercoalition.org\/it\/wp-json\/wp\/v2\/types\/my_story"}],"version-history":[{"count":0,"href":"https:\/\/www.worldpancreaticcancercoalition.org\/it\/wp-json\/wp\/v2\/my_story\/10786\/revisions"}],"wp:attachment":[{"href":"https:\/\/www.worldpancreaticcancercoalition.org\/it\/wp-json\/wp\/v2\/media?parent=10786"}],"wp:term":[{"taxonomy":"category","embeddable":true,"href":"https:\/\/www.worldpancreaticcancercoalition.org\/it\/wp-json\/wp\/v2\/categories?post=10786"},{"taxonomy":"post_tag","embeddable":true,"href":"https:\/\/www.worldpancreaticcancercoalition.org\/it\/wp-json\/wp\/v2\/tags?post=10786"},{"taxonomy":"member","embeddable":true,"href":"https:\/\/www.worldpancreaticcancercoalition.org\/it\/wp-json\/wp\/v2\/member?post=10786"}],"curies":[{"name":"wp","href":"https:\/\/api.w.org\/{rel}","templated":true}]}}