{"id":19425,"date":"2023-11-16T09:23:59","date_gmt":"2023-11-16T09:23:59","guid":{"rendered":"https:\/\/www.worldpancreaticcancercoalition.org\/my_story\/giovanni\/"},"modified":"2024-06-12T16:35:26","modified_gmt":"2024-06-12T16:35:26","slug":"giovanni","status":"publish","type":"my_story","link":"https:\/\/www.worldpancreaticcancercoalition.org\/fr\/my_story\/giovanni\/","title":{"rendered":"Giovanni"},"content":{"rendered":"<p class=\"subhead-text-purp-med-gf\" style=\"text-align: left;\">Mon histoire est celle de Giovanni Lo Re<\/p>\n<p class=\"subhead-text-purp-med-gf\" style=\"text-align: left;\">C&rsquo;est mon histoire<\/p>\n<p>En m\u00e9moire d&rsquo;un ami patient souffrant d&rsquo;un ad\u00e9nocarcinome inop\u00e9rable de la t\u00eate du pancr\u00e9as.<br \/>\nApr\u00e8s un traitement conservateur local et syst\u00e9mique, il a eu la force et la d\u00e9termination de maintenir la stationnarit\u00e9 de la maladie par un cheminement lent et constant.<br \/>\nL&rsquo;exercice physique a influenc\u00e9 positivement la stabilit\u00e9 de la maladie, pr\u00e9sente mais dormante, pendant une tr\u00e8s longue p\u00e9riode, bien que ce r\u00e9sultat positif soit rare pour une maladie aussi grave que le cancer du pancr\u00e9as.<br \/>\nCe concept tr\u00e8s important a \u00e9t\u00e9 explor\u00e9 en profondeur lors de la pr\u00e9sentation de son premier livre \u00ab\u00a0Se cammino, vivo. Se di cancro si muore, pur si vive\u00a0\u00bb lors de Pordenonelegge en septembre 2018. Un premier pas qui a amorc\u00e9 une \u00e9tude scientifique qui a conduit \u00e0 la publication d&rsquo;un article \u00ab\u00a0Physical exercise in locally advanced pancreatic adenocarcinoma : \u00ab\u00a0If I walk, I live. Bien que l&rsquo;on puisse mourir du cancer, maintenant je vis\u00a0\u00bb (J Cancer Metastasis Treat 2019;5:81).<br \/>\nIl a parcouru 27 000 km et a \u00e9t\u00e9 tr\u00e8s actif, participant \u00e0 des r\u00e9unions, notamment \u00e0 la Journ\u00e9e mondiale du cancer du pancr\u00e9as \u00e0 V\u00e9rone en novembre 2020. Il a contribu\u00e9 \u00e0 ce que l&rsquo;on parle de plus en plus de cette maladie dont les traitements sont peu efficaces. Son exp\u00e9rience unique lui a permis de confirmer l&rsquo;importance de l&rsquo;exercice physique sur la surveillance immunitaire, ce qui a permis d&rsquo;obtenir la stabilit\u00e9 de la maladie sur une dizaine d&rsquo;ann\u00e9es d&rsquo;histoire naturelle.<br \/>\nLa preuve en est le dernier livre qu&rsquo;il a \u00e9crit avant de nous quitter<\/p>\n<div  class='avia-button-wrap av-a2oxm-b20e66c0eb3e92d72a996d140e5d73fa-wrap avia-button-center  explore-button'>\n<style type=\"text\/css\" data-created_by=\"avia_inline_auto\" id=\"style-css-av-a2oxm-b20e66c0eb3e92d72a996d140e5d73fa\">\n#top #wrap_all .avia-button.av-a2oxm-b20e66c0eb3e92d72a996d140e5d73fa:hover{\ncolor:#ffffff;\ntransition:all 0.4s ease-in-out;\n}\n#top #wrap_all .avia-button.av-a2oxm-b20e66c0eb3e92d72a996d140e5d73fa:hover .avia-svg-icon svg:first-child{\nfill:#ffffff;\nstroke:#ffffff;\n}\n<\/style>\n<a href='https:\/\/www.worldpancreaticcancercoalition.org\/fr\/nos-histoires\/'  class='avia-button av-a2oxm-b20e66c0eb3e92d72a996d140e5d73fa av-link-btn avia-icon_select-no avia-size-x-large avia-position-center avia-color-light avia-font-color-theme-color'   aria-label=\"D\u00e9couvrez nos histoires\"><span class='avia_iconbox_title' >D\u00e9couvrez nos histoires<\/span><span class='avia_button_background avia-button avia-color-theme-color-highlight' ><\/span><\/a><\/div>\n<!-- AddThis Advanced Settings generic via filter on the_content --><!-- AddThis Share Buttons generic via filter on the_content -->","protected":false},"excerpt":{"rendered":"<p>Mon histoire est celle de Giovanni Lo Re C&rsquo;est mon histoire En m\u00e9moire d&rsquo;un ami patient souffrant d&rsquo;un ad\u00e9nocarcinome inop\u00e9rable de la t\u00eate du pancr\u00e9as. Apr\u00e8s un traitement conservateur local et syst\u00e9mique, il a eu la force et la d\u00e9termination de maintenir la stationnarit\u00e9 de la maladie par un cheminement lent et constant. L&rsquo;exercice physique [&hellip;]<!-- AddThis Advanced Settings generic via filter on get_the_excerpt --><!-- AddThis Share Buttons generic via filter on get_the_excerpt --><\/p>\n","protected":false},"featured_media":18001,"menu_order":0,"template":"","format":"standard","meta":{"_acf_changed":false,"footnotes":""},"categories":[9],"tags":[11],"member":[],"class_list":["post-19425","my_story","type-my_story","status-publish","format-standard","has-post-thumbnail","hentry","category-my-story","tag-real-stories"],"acf":[],"yoast_head":"<!-- This site is optimized with the Yoast SEO plugin v26.6 - https:\/\/yoast.com\/wordpress\/plugins\/seo\/ -->\n<title>Giovanni - World Pancreatic Cancer Coalition<\/title>\n<meta name=\"robots\" content=\"index, follow, max-snippet:-1, max-image-preview:large, max-video-preview:-1\" \/>\n<link rel=\"canonical\" href=\"https:\/\/www.worldpancreaticcancercoalition.org\/fr\/my_story\/giovanni\/\" \/>\n<meta property=\"og:locale\" content=\"fr_FR\" \/>\n<meta property=\"og:type\" content=\"article\" \/>\n<meta property=\"og:title\" content=\"Giovanni - World Pancreatic Cancer Coalition\" \/>\n<meta property=\"og:description\" content=\"Mon histoire est celle de Giovanni Lo Re C&rsquo;est mon histoire En m\u00e9moire d&rsquo;un ami patient souffrant d&rsquo;un ad\u00e9nocarcinome inop\u00e9rable de la t\u00eate du pancr\u00e9as. Apr\u00e8s un traitement conservateur local et syst\u00e9mique, il a eu la force et la d\u00e9termination de maintenir la stationnarit\u00e9 de la maladie par un cheminement lent et constant. L&rsquo;exercice physique [&hellip;]\" \/>\n<meta property=\"og:url\" content=\"https:\/\/www.worldpancreaticcancercoalition.org\/fr\/my_story\/giovanni\/\" \/>\n<meta property=\"og:site_name\" content=\"World Pancreatic Cancer Coalition\" \/>\n<meta property=\"article:modified_time\" content=\"2024-06-12T16:35:26+00:00\" \/>\n<meta property=\"og:image\" content=\"https:\/\/www.worldpancreaticcancercoalition.org\/wp-content\/uploads\/Immagine-WhatsApp-2023-11-07-ore-06.38.42_5f995002.jpg\" \/>\n\t<meta property=\"og:image:width\" content=\"842\" \/>\n\t<meta property=\"og:image:height\" content=\"1191\" \/>\n\t<meta property=\"og:image:type\" content=\"image\/jpeg\" \/>\n<meta name=\"twitter:card\" content=\"summary_large_image\" \/>\n<meta name=\"twitter:label1\" content=\"Dur\u00e9e de lecture estim\u00e9e\" \/>\n\t<meta name=\"twitter:data1\" content=\"2 minutes\" \/>\n<script type=\"application\/ld+json\" class=\"yoast-schema-graph\">{\"@context\":\"https:\/\/schema.org\",\"@graph\":[{\"@type\":\"WebPage\",\"@id\":\"https:\/\/www.worldpancreaticcancercoalition.org\/fr\/my_story\/giovanni\/\",\"url\":\"https:\/\/www.worldpancreaticcancercoalition.org\/fr\/my_story\/giovanni\/\",\"name\":\"Giovanni - World Pancreatic Cancer Coalition\",\"isPartOf\":{\"@id\":\"https:\/\/www.worldpancreaticcancercoalition.org\/fr\/#website\"},\"primaryImageOfPage\":{\"@id\":\"https:\/\/www.worldpancreaticcancercoalition.org\/fr\/my_story\/giovanni\/#primaryimage\"},\"image\":{\"@id\":\"https:\/\/www.worldpancreaticcancercoalition.org\/fr\/my_story\/giovanni\/#primaryimage\"},\"thumbnailUrl\":\"https:\/\/www.worldpancreaticcancercoalition.org\/wp-content\/uploads\/Immagine-WhatsApp-2023-11-07-ore-06.38.42_5f995002.jpg\",\"datePublished\":\"2023-11-16T09:23:59+00:00\",\"dateModified\":\"2024-06-12T16:35:26+00:00\",\"breadcrumb\":{\"@id\":\"https:\/\/www.worldpancreaticcancercoalition.org\/fr\/my_story\/giovanni\/#breadcrumb\"},\"inLanguage\":\"fr-FR\",\"potentialAction\":[{\"@type\":\"ReadAction\",\"target\":[\"https:\/\/www.worldpancreaticcancercoalition.org\/fr\/my_story\/giovanni\/\"]}]},{\"@type\":\"ImageObject\",\"inLanguage\":\"fr-FR\",\"@id\":\"https:\/\/www.worldpancreaticcancercoalition.org\/fr\/my_story\/giovanni\/#primaryimage\",\"url\":\"https:\/\/www.worldpancreaticcancercoalition.org\/wp-content\/uploads\/Immagine-WhatsApp-2023-11-07-ore-06.38.42_5f995002.jpg\",\"contentUrl\":\"https:\/\/www.worldpancreaticcancercoalition.org\/wp-content\/uploads\/Immagine-WhatsApp-2023-11-07-ore-06.38.42_5f995002.jpg\",\"width\":842,\"height\":1191},{\"@type\":\"BreadcrumbList\",\"@id\":\"https:\/\/www.worldpancreaticcancercoalition.org\/fr\/my_story\/giovanni\/#breadcrumb\",\"itemListElement\":[{\"@type\":\"ListItem\",\"position\":1,\"name\":\"Home\",\"item\":\"https:\/\/www.worldpancreaticcancercoalition.org\/fr\/2021-home\/\"},{\"@type\":\"ListItem\",\"position\":2,\"name\":\"Giovanni\"}]},{\"@type\":\"WebSite\",\"@id\":\"https:\/\/www.worldpancreaticcancercoalition.org\/fr\/#website\",\"url\":\"https:\/\/www.worldpancreaticcancercoalition.org\/fr\/\",\"name\":\"World Pancreatic Cancer Coalition\",\"description\":\"\",\"potentialAction\":[{\"@type\":\"SearchAction\",\"target\":{\"@type\":\"EntryPoint\",\"urlTemplate\":\"https:\/\/www.worldpancreaticcancercoalition.org\/fr\/?s={search_term_string}\"},\"query-input\":{\"@type\":\"PropertyValueSpecification\",\"valueRequired\":true,\"valueName\":\"search_term_string\"}}],\"inLanguage\":\"fr-FR\"}]}<\/script>\n<!-- \/ Yoast SEO plugin. -->","yoast_head_json":{"title":"Giovanni - World Pancreatic Cancer Coalition","robots":{"index":"index","follow":"follow","max-snippet":"max-snippet:-1","max-image-preview":"max-image-preview:large","max-video-preview":"max-video-preview:-1"},"canonical":"https:\/\/www.worldpancreaticcancercoalition.org\/fr\/my_story\/giovanni\/","og_locale":"fr_FR","og_type":"article","og_title":"Giovanni - World Pancreatic Cancer Coalition","og_description":"Mon histoire est celle de Giovanni Lo Re C&rsquo;est mon histoire En m\u00e9moire d&rsquo;un ami patient souffrant d&rsquo;un ad\u00e9nocarcinome inop\u00e9rable de la t\u00eate du pancr\u00e9as. Apr\u00e8s un traitement conservateur local et syst\u00e9mique, il a eu la force et la d\u00e9termination de maintenir la stationnarit\u00e9 de la maladie par un cheminement lent et constant. L&rsquo;exercice physique [&hellip;]","og_url":"https:\/\/www.worldpancreaticcancercoalition.org\/fr\/my_story\/giovanni\/","og_site_name":"World Pancreatic Cancer Coalition","article_modified_time":"2024-06-12T16:35:26+00:00","og_image":[{"width":842,"height":1191,"url":"https:\/\/www.worldpancreaticcancercoalition.org\/wp-content\/uploads\/Immagine-WhatsApp-2023-11-07-ore-06.38.42_5f995002.jpg","type":"image\/jpeg"}],"twitter_card":"summary_large_image","twitter_misc":{"Dur\u00e9e de lecture estim\u00e9e":"2 minutes"},"schema":{"@context":"https:\/\/schema.org","@graph":[{"@type":"WebPage","@id":"https:\/\/www.worldpancreaticcancercoalition.org\/fr\/my_story\/giovanni\/","url":"https:\/\/www.worldpancreaticcancercoalition.org\/fr\/my_story\/giovanni\/","name":"Giovanni - World Pancreatic Cancer Coalition","isPartOf":{"@id":"https:\/\/www.worldpancreaticcancercoalition.org\/fr\/#website"},"primaryImageOfPage":{"@id":"https:\/\/www.worldpancreaticcancercoalition.org\/fr\/my_story\/giovanni\/#primaryimage"},"image":{"@id":"https:\/\/www.worldpancreaticcancercoalition.org\/fr\/my_story\/giovanni\/#primaryimage"},"thumbnailUrl":"https:\/\/www.worldpancreaticcancercoalition.org\/wp-content\/uploads\/Immagine-WhatsApp-2023-11-07-ore-06.38.42_5f995002.jpg","datePublished":"2023-11-16T09:23:59+00:00","dateModified":"2024-06-12T16:35:26+00:00","breadcrumb":{"@id":"https:\/\/www.worldpancreaticcancercoalition.org\/fr\/my_story\/giovanni\/#breadcrumb"},"inLanguage":"fr-FR","potentialAction":[{"@type":"ReadAction","target":["https:\/\/www.worldpancreaticcancercoalition.org\/fr\/my_story\/giovanni\/"]}]},{"@type":"ImageObject","inLanguage":"fr-FR","@id":"https:\/\/www.worldpancreaticcancercoalition.org\/fr\/my_story\/giovanni\/#primaryimage","url":"https:\/\/www.worldpancreaticcancercoalition.org\/wp-content\/uploads\/Immagine-WhatsApp-2023-11-07-ore-06.38.42_5f995002.jpg","contentUrl":"https:\/\/www.worldpancreaticcancercoalition.org\/wp-content\/uploads\/Immagine-WhatsApp-2023-11-07-ore-06.38.42_5f995002.jpg","width":842,"height":1191},{"@type":"BreadcrumbList","@id":"https:\/\/www.worldpancreaticcancercoalition.org\/fr\/my_story\/giovanni\/#breadcrumb","itemListElement":[{"@type":"ListItem","position":1,"name":"Home","item":"https:\/\/www.worldpancreaticcancercoalition.org\/fr\/2021-home\/"},{"@type":"ListItem","position":2,"name":"Giovanni"}]},{"@type":"WebSite","@id":"https:\/\/www.worldpancreaticcancercoalition.org\/fr\/#website","url":"https:\/\/www.worldpancreaticcancercoalition.org\/fr\/","name":"World Pancreatic Cancer Coalition","description":"","potentialAction":[{"@type":"SearchAction","target":{"@type":"EntryPoint","urlTemplate":"https:\/\/www.worldpancreaticcancercoalition.org\/fr\/?s={search_term_string}"},"query-input":{"@type":"PropertyValueSpecification","valueRequired":true,"valueName":"search_term_string"}}],"inLanguage":"fr-FR"}]}},"_links":{"self":[{"href":"https:\/\/www.worldpancreaticcancercoalition.org\/fr\/wp-json\/wp\/v2\/my_story\/19425","targetHints":{"allow":["GET"]}}],"collection":[{"href":"https:\/\/www.worldpancreaticcancercoalition.org\/fr\/wp-json\/wp\/v2\/my_story"}],"about":[{"href":"https:\/\/www.worldpancreaticcancercoalition.org\/fr\/wp-json\/wp\/v2\/types\/my_story"}],"version-history":[{"count":0,"href":"https:\/\/www.worldpancreaticcancercoalition.org\/fr\/wp-json\/wp\/v2\/my_story\/19425\/revisions"}],"wp:featuredmedia":[{"embeddable":true,"href":"https:\/\/www.worldpancreaticcancercoalition.org\/fr\/wp-json\/wp\/v2\/media\/18001"}],"wp:attachment":[{"href":"https:\/\/www.worldpancreaticcancercoalition.org\/fr\/wp-json\/wp\/v2\/media?parent=19425"}],"wp:term":[{"taxonomy":"category","embeddable":true,"href":"https:\/\/www.worldpancreaticcancercoalition.org\/fr\/wp-json\/wp\/v2\/categories?post=19425"},{"taxonomy":"post_tag","embeddable":true,"href":"https:\/\/www.worldpancreaticcancercoalition.org\/fr\/wp-json\/wp\/v2\/tags?post=19425"},{"taxonomy":"member","embeddable":true,"href":"https:\/\/www.worldpancreaticcancercoalition.org\/fr\/wp-json\/wp\/v2\/member?post=19425"}],"curies":[{"name":"wp","href":"https:\/\/api.w.org\/{rel}","templated":true}]}}