{"id":10072,"date":"2022-10-13T11:41:33","date_gmt":"2022-10-13T11:41:33","guid":{"rendered":"https:\/\/www.worldpancreaticcancercoalition.org\/my_story\/alice\/"},"modified":"2022-10-20T11:06:12","modified_gmt":"2022-10-20T11:06:12","slug":"alice","status":"publish","type":"my_story","link":"https:\/\/www.worldpancreaticcancercoalition.org\/fr\/my_story\/alice\/","title":{"rendered":"Alice"},"content":{"rendered":"<p class=\"subhead-text-purp-med-gf\" style=\"text-align: left;\">Mon histoire est celle de Gabriele, mon p\u00e8re.<\/p>\n<p>&nbsp;<\/p>\n<p class=\"subhead-text-purp-med-gf\" style=\"text-align: left;\">Cet \u00e9v\u00e9nement a eu lieu du 26\/05\/2022 au 14\/09\/2022.<\/p>\n<p>&nbsp;<\/p>\n<p class=\"subhead-text-purp-med-gf\" style=\"text-align: left;\">La d\u00e9couverte<\/p>\n<p>Au printemps 2022, mon p\u00e8re a commenc\u00e9 \u00e0\u00a0 ressentir un certain malaise apr\u00e8s avoir mang\u00e9, son m\u00e9decin g\u00e9n\u00e9raliste lui a prescrit des m\u00e9dicaments contre l&rsquo;irritation de l&rsquo;\u0153sophage. Rien n&rsquo;a chang\u00e9 jusqu&rsquo;au 25 mai, lorsque mon p\u00e8re, le m\u00e9decin de GM, a sugg\u00e9r\u00e9 de faire une \u00e9chographie de l&rsquo;abdomen : \u00ab\u00a0Je pense que vous avez un an\u00e9vrisme dans cette r\u00e9gion\u00a0\u00bb.<br \/>\nCela m&rsquo;a pouss\u00e9 \u00e0\u00a0 amener mon p\u00e8re dans l&rsquo;h\u00f4pital le plus important de notre r\u00e9gion. Apr\u00e8s une longue journ\u00e9e de tests, tout \u00e9tait apparemment en ordre et ils ne voyaient aucun signe d&rsquo;an\u00e9vrisme ou de cancer. Pourtant, mon p\u00e8re souffrait toujours du dos, de l&rsquo;abdomen et de l&rsquo;estomac. Apr\u00e8s des examens plus pouss\u00e9s, on a d\u00e9couvert une \u00e9norme masse dans la r\u00e9gion du pancr\u00e9as et on nous a dit qu&rsquo;il \u00e9tait impossible de faire quoi que ce soit dans cet h\u00f4pital. Nous avons donc pris un rendez-vous payant dans l&rsquo;un des plus importants h\u00f4pitaux priv\u00e9s d&rsquo;Italie et nous avons pris l&rsquo;avion pour Milan. Il a \u00e9t\u00e9 admis \u00e0\u00a0 l&rsquo;Ospedale San Raffaele, o\u00f9 on lui a annonc\u00e9 la mauvaise nouvelle : il avait un ad\u00e9nocarcinome pancr\u00e9atique border line dans le corps et la queue, le chirurgien a dit \u00e0\u00a0 mon p\u00e8re qu&rsquo;il devait subir une chimioth\u00e9rapie et prendre de l&rsquo;h\u00e9parine deux fois par jour pour contr\u00f4ler un \u00e9norme tissu sanguin dans le vaisseau sanguin du foie.<\/p>\n<p class=\"subhead-text-purp-med-gf\" style=\"text-align: left;\">C&rsquo;est mon histoire<\/p>\n<p>Mon fr\u00e8re et moi sommes retourn\u00e9s chez nos parents pour aider notre p\u00e8re et notre m\u00e8re, tous deux choqu\u00e9s par le diagnostic.<br \/>\nGabriele a commenc\u00e9 \u00e0\u00a0 avoir des douleurs insupportables, le sp\u00e9cialiste a donc sugg\u00e9r\u00e9 une proc\u00e9dure appel\u00e9e \u00ab\u00a0neurolyse du plexus c\u0153liaque\u00a0\u00bb. La situation s&rsquo;est un peu am\u00e9lior\u00e9e mais nous avons d\u00e0\u00bb attendre un mois pour qu&rsquo;il commence la chimioth\u00e9rapie. Entre-temps, son cancer du pancr\u00e9as de stade 3 a commenc\u00e9 \u00e0\u00a0 augmenter de volume (plus de 8 cm) et tous les principaux vaisseaux sanguins ont \u00e9t\u00e9 atteints.<\/p>\n<p>Les jambes et les pieds de mon p\u00e8re ont commenc\u00e9 \u00e0\u00a0 gonfler \u00e9norm\u00e9ment, au point qu&rsquo;il ne pouvait plus marcher qu&rsquo;avec de grandes difficult\u00e9s, nous avons essay\u00e9 avec des m\u00e9dicaments et des drainages. Son \u00e9tat a commenc\u00e9 \u00e0\u00a0 se d\u00e9t\u00e9riorer tr\u00e8s rapidement, il \u00e9tait incapable de manger et de boire et perdait du poids, nous avons pris un rendez-vous payant avec un m\u00e9decin qui lui a prescrit des boissons sp\u00e9ciales adapt\u00e9es aux patients atteints de pancr\u00e9as, son \u00e9tat s&rsquo;est am\u00e9lior\u00e9 et il a commenc\u00e9 \u00e0\u00a0 reprendre du poids. Il \u00e9tait toujours de bonne humeur et voulait faire des promenades en fauteuil roulant tous les soirs avec nous.<br \/>\nLa derni\u00e8re s\u00e9ance de chimioth\u00e9rapie a \u00e9t\u00e9 le d\u00e9but de la fin.<br \/>\nD&rsquo;apr\u00e8s son analyse de sang (nous l&rsquo;avons su plus tard dans la journ\u00e9e aux urgences), mon p\u00e8re n&rsquo;avait pas droit au traitement ce jour-l\u00e0\u00a0, mais le m\u00e9decin a d\u00e9cid\u00e9 de l&rsquo;administrer. Dans la soir\u00e9e, mon p\u00e8re a commenc\u00e9 \u00e0\u00a0 ressentir un froid glacial et \u00e0\u00a0 respirer avec beaucoup de difficult\u00e9.<br \/>\nAux urgences, on nous a dit que mon p\u00e8re avait une septic\u00e9mie et qu&rsquo;il n&rsquo;y avait pas un seul lit libre pour l&rsquo;admettre \u00e0\u00a0 l&rsquo;h\u00f4pital.<br \/>\nNous le ramenons \u00e0\u00a0 la maison, fr\u00eale de corps et d&rsquo;esprit. Il a surv\u00e9cu 2 semaines sous antibiotiques, la situation \u00e9tait dramatique. Il a \u00e9t\u00e9 admis \u00e0\u00a0 l&rsquo;hospice o\u00f9 il est d\u00e9c\u00e9d\u00e9 le 14 septembre, sans douleur, entour\u00e9 de nous, sa famille, et des soins pr\u00e9cieux des infirmi\u00e8res et des m\u00e9decins.<\/p>\n<p>Le cancer du pancr\u00e9as a transform\u00e9 un homme de 69 ans en bonne sant\u00e9 et sportif en une cr\u00e9ature fragile en un rien de temps, il a surv\u00e9cu 3 mois et demi apr\u00e8s le diagnostic, \u00e9galement parce que dans notre r\u00e9gion nous n&rsquo;avons pas d&rsquo;unit\u00e9 pancr\u00e9atique et que nous ne pouvions pas prendre l&rsquo;avion pour Milan ou V\u00e9rone.<br \/>\nLe moment le plus difficile a \u00e9t\u00e9 lorsqu&rsquo;un oncologue de l&rsquo;h\u00f4pital local nous a dit : \u00ab\u00a0Nous ne gu\u00e9rissons pas les tumeurs pancr\u00e9atiques ici, nous pouvons seulement aider les patients avec des soins palliatifs\u00a0\u00bb.<br \/>\nDe notre point de vue, tout peut changer pour les patients et les familles avec la cr\u00e9ation d&rsquo;unit\u00e9s pancr\u00e9atiques, il n&rsquo;y a que quelques endroits en Italie et ils ne peuvent pas absorber le nombre total de patients. Il y a encore beaucoup \u00e0\u00a0 faire dans ce combat, nous le savons tr\u00e8s bien, mais en attendant, les patients et leurs familles souffrent \u00e9norm\u00e9ment du manque de soutien.<\/p>\n<p class=\"subhead-text-purp-med-gf\" style=\"text-align: left;\">L&rsquo;impact du temps<\/p>\n<p>Un d\u00e9pistage pr\u00e9coce aurait tout chang\u00e9 pour Gabriele, mais c&rsquo;\u00e9tait impossible. Quelques semaines avant que le covid19 ne commence \u00e0\u00a0 se propager en Italie en 2020, mon p\u00e8re est all\u00e9 voir un endocrinologue apr\u00e8s que son analyse de sang ait montr\u00e9 quelque chose d&rsquo;anormal. L&rsquo;endocrinologue a suspect\u00e9 une hyperglyc\u00e9mie et a demand\u00e9 \u00e0\u00a0 mon p\u00e8re de faire un test sanguin plus sp\u00e9cifique, il a re\u00e0\u00a7u les r\u00e9sultats le mars 2020, le pays \u00e9tait alors en lockdown national. Le docteur n&rsquo;a jamais r\u00e9pondu \u00e0\u00a0 nos appels t\u00e9l\u00e9phoniques, nos courriels, nos messages. Les ann\u00e9es 2020, 2021 et une partie de 2022 ont \u00e9t\u00e9 tr\u00e8s difficiles pour les soins de sant\u00e9 dans notre pays, avec des h\u00f4pitaux et des cliniques presque ferm\u00e9s \u00e0\u00a0 la population. Il en r\u00e9sulte qu&rsquo;il est impossible d&rsquo;obtenir un rendez-vous avant juin 2022.<\/p>\n<p>&nbsp;<\/p>\n<div  class='avia-button-wrap av-1yvwou-868d58845d60df1d960cc0c54aa78a12-wrap avia-button-center  explore-button'>\n<style type=\"text\/css\" data-created_by=\"avia_inline_auto\" id=\"style-css-av-1yvwou-868d58845d60df1d960cc0c54aa78a12\">\n#top #wrap_all .avia-button.av-1yvwou-868d58845d60df1d960cc0c54aa78a12:hover{\ncolor:#ffffff;\ntransition:all 0.4s ease-in-out;\n}\n#top #wrap_all .avia-button.av-1yvwou-868d58845d60df1d960cc0c54aa78a12:hover .avia-svg-icon svg:first-child{\nfill:#ffffff;\nstroke:#ffffff;\n}\n<\/style>\n<a href='  \/monde-cancer-pancr\u00e9atique-jour-2022\/vos-histoires\/'  class='avia-button av-1yvwou-868d58845d60df1d960cc0c54aa78a12 av-link-btn avia-icon_select-no avia-size-x-large avia-position-center avia-color-light avia-font-color-theme-color'   aria-label=\"D\u00e9couvrez nos histoires\"><span class='avia_iconbox_title' >D\u00e9couvrez nos histoires<\/span><span class='avia_button_background avia-button avia-color-theme-color-highlight' ><\/span><\/a><\/div>\n<!-- AddThis Advanced Settings generic via filter on the_content --><!-- AddThis Share Buttons generic via filter on the_content -->","protected":false},"excerpt":{"rendered":"<p>Mon histoire est celle de Gabriele, mon p\u00c3\u00a8re.<!-- AddThis Advanced Settings generic via filter on get_the_excerpt --><!-- AddThis Share Buttons generic via filter on get_the_excerpt --><\/p>\n","protected":false},"featured_media":10069,"menu_order":0,"template":"","format":"standard","meta":{"_acf_changed":false,"footnotes":""},"categories":[9],"tags":[11],"member":[],"class_list":["post-10072","my_story","type-my_story","status-publish","format-standard","has-post-thumbnail","hentry","category-my-story","tag-real-stories"],"acf":[],"yoast_head":"<!-- This site is optimized with the Yoast SEO plugin v26.6 - https:\/\/yoast.com\/wordpress\/plugins\/seo\/ -->\n<title>Alice - World Pancreatic Cancer Coalition<\/title>\n<meta name=\"robots\" content=\"index, follow, max-snippet:-1, max-image-preview:large, max-video-preview:-1\" \/>\n<link rel=\"canonical\" href=\"https:\/\/www.worldpancreaticcancercoalition.org\/fr\/my_story\/alice\/\" \/>\n<meta property=\"og:locale\" content=\"fr_FR\" \/>\n<meta property=\"og:type\" content=\"article\" \/>\n<meta property=\"og:title\" content=\"Alice - World Pancreatic Cancer Coalition\" \/>\n<meta property=\"og:description\" content=\"Mon histoire est celle de Gabriele, mon p\u00c3\u00a8re.\" \/>\n<meta property=\"og:url\" content=\"https:\/\/www.worldpancreaticcancercoalition.org\/fr\/my_story\/alice\/\" \/>\n<meta property=\"og:site_name\" content=\"World Pancreatic Cancer Coalition\" \/>\n<meta property=\"article:modified_time\" content=\"2022-10-20T11:06:12+00:00\" \/>\n<meta name=\"twitter:card\" content=\"summary_large_image\" \/>\n<meta name=\"twitter:label1\" content=\"Dur\u00e9e de lecture estim\u00e9e\" \/>\n\t<meta name=\"twitter:data1\" content=\"5 minutes\" \/>\n<script type=\"application\/ld+json\" class=\"yoast-schema-graph\">{\"@context\":\"https:\/\/schema.org\",\"@graph\":[{\"@type\":\"WebPage\",\"@id\":\"https:\/\/www.worldpancreaticcancercoalition.org\/fr\/my_story\/alice\/\",\"url\":\"https:\/\/www.worldpancreaticcancercoalition.org\/fr\/my_story\/alice\/\",\"name\":\"Alice - World Pancreatic Cancer Coalition\",\"isPartOf\":{\"@id\":\"https:\/\/www.worldpancreaticcancercoalition.org\/fr\/#website\"},\"primaryImageOfPage\":{\"@id\":\"https:\/\/www.worldpancreaticcancercoalition.org\/fr\/my_story\/alice\/#primaryimage\"},\"image\":{\"@id\":\"https:\/\/www.worldpancreaticcancercoalition.org\/fr\/my_story\/alice\/#primaryimage\"},\"thumbnailUrl\":\"https:\/\/www.worldpancreaticcancercoalition.org\/wp-content\/uploads\/626C208A-7ABE-461D-872D-FBDF0F867B6C-scaled.jpeg\",\"datePublished\":\"2022-10-13T11:41:33+00:00\",\"dateModified\":\"2022-10-20T11:06:12+00:00\",\"breadcrumb\":{\"@id\":\"https:\/\/www.worldpancreaticcancercoalition.org\/fr\/my_story\/alice\/#breadcrumb\"},\"inLanguage\":\"fr-FR\",\"potentialAction\":[{\"@type\":\"ReadAction\",\"target\":[\"https:\/\/www.worldpancreaticcancercoalition.org\/fr\/my_story\/alice\/\"]}]},{\"@type\":\"ImageObject\",\"inLanguage\":\"fr-FR\",\"@id\":\"https:\/\/www.worldpancreaticcancercoalition.org\/fr\/my_story\/alice\/#primaryimage\",\"url\":\"https:\/\/www.worldpancreaticcancercoalition.org\/wp-content\/uploads\/626C208A-7ABE-461D-872D-FBDF0F867B6C-scaled.jpeg\",\"contentUrl\":\"https:\/\/www.worldpancreaticcancercoalition.org\/wp-content\/uploads\/626C208A-7ABE-461D-872D-FBDF0F867B6C-scaled.jpeg\",\"width\":2560,\"height\":1920},{\"@type\":\"BreadcrumbList\",\"@id\":\"https:\/\/www.worldpancreaticcancercoalition.org\/fr\/my_story\/alice\/#breadcrumb\",\"itemListElement\":[{\"@type\":\"ListItem\",\"position\":1,\"name\":\"Home\",\"item\":\"https:\/\/www.worldpancreaticcancercoalition.org\/fr\/2021-home\/\"},{\"@type\":\"ListItem\",\"position\":2,\"name\":\"Alice\"}]},{\"@type\":\"WebSite\",\"@id\":\"https:\/\/www.worldpancreaticcancercoalition.org\/fr\/#website\",\"url\":\"https:\/\/www.worldpancreaticcancercoalition.org\/fr\/\",\"name\":\"World Pancreatic Cancer Coalition\",\"description\":\"\",\"potentialAction\":[{\"@type\":\"SearchAction\",\"target\":{\"@type\":\"EntryPoint\",\"urlTemplate\":\"https:\/\/www.worldpancreaticcancercoalition.org\/fr\/?s={search_term_string}\"},\"query-input\":{\"@type\":\"PropertyValueSpecification\",\"valueRequired\":true,\"valueName\":\"search_term_string\"}}],\"inLanguage\":\"fr-FR\"}]}<\/script>\n<!-- \/ Yoast SEO plugin. -->","yoast_head_json":{"title":"Alice - World Pancreatic Cancer Coalition","robots":{"index":"index","follow":"follow","max-snippet":"max-snippet:-1","max-image-preview":"max-image-preview:large","max-video-preview":"max-video-preview:-1"},"canonical":"https:\/\/www.worldpancreaticcancercoalition.org\/fr\/my_story\/alice\/","og_locale":"fr_FR","og_type":"article","og_title":"Alice - World Pancreatic Cancer Coalition","og_description":"Mon histoire est celle de Gabriele, mon p\u00c3\u00a8re.","og_url":"https:\/\/www.worldpancreaticcancercoalition.org\/fr\/my_story\/alice\/","og_site_name":"World Pancreatic Cancer Coalition","article_modified_time":"2022-10-20T11:06:12+00:00","twitter_card":"summary_large_image","twitter_misc":{"Dur\u00e9e de lecture estim\u00e9e":"5 minutes"},"schema":{"@context":"https:\/\/schema.org","@graph":[{"@type":"WebPage","@id":"https:\/\/www.worldpancreaticcancercoalition.org\/fr\/my_story\/alice\/","url":"https:\/\/www.worldpancreaticcancercoalition.org\/fr\/my_story\/alice\/","name":"Alice - World Pancreatic Cancer Coalition","isPartOf":{"@id":"https:\/\/www.worldpancreaticcancercoalition.org\/fr\/#website"},"primaryImageOfPage":{"@id":"https:\/\/www.worldpancreaticcancercoalition.org\/fr\/my_story\/alice\/#primaryimage"},"image":{"@id":"https:\/\/www.worldpancreaticcancercoalition.org\/fr\/my_story\/alice\/#primaryimage"},"thumbnailUrl":"https:\/\/www.worldpancreaticcancercoalition.org\/wp-content\/uploads\/626C208A-7ABE-461D-872D-FBDF0F867B6C-scaled.jpeg","datePublished":"2022-10-13T11:41:33+00:00","dateModified":"2022-10-20T11:06:12+00:00","breadcrumb":{"@id":"https:\/\/www.worldpancreaticcancercoalition.org\/fr\/my_story\/alice\/#breadcrumb"},"inLanguage":"fr-FR","potentialAction":[{"@type":"ReadAction","target":["https:\/\/www.worldpancreaticcancercoalition.org\/fr\/my_story\/alice\/"]}]},{"@type":"ImageObject","inLanguage":"fr-FR","@id":"https:\/\/www.worldpancreaticcancercoalition.org\/fr\/my_story\/alice\/#primaryimage","url":"https:\/\/www.worldpancreaticcancercoalition.org\/wp-content\/uploads\/626C208A-7ABE-461D-872D-FBDF0F867B6C-scaled.jpeg","contentUrl":"https:\/\/www.worldpancreaticcancercoalition.org\/wp-content\/uploads\/626C208A-7ABE-461D-872D-FBDF0F867B6C-scaled.jpeg","width":2560,"height":1920},{"@type":"BreadcrumbList","@id":"https:\/\/www.worldpancreaticcancercoalition.org\/fr\/my_story\/alice\/#breadcrumb","itemListElement":[{"@type":"ListItem","position":1,"name":"Home","item":"https:\/\/www.worldpancreaticcancercoalition.org\/fr\/2021-home\/"},{"@type":"ListItem","position":2,"name":"Alice"}]},{"@type":"WebSite","@id":"https:\/\/www.worldpancreaticcancercoalition.org\/fr\/#website","url":"https:\/\/www.worldpancreaticcancercoalition.org\/fr\/","name":"World Pancreatic Cancer Coalition","description":"","potentialAction":[{"@type":"SearchAction","target":{"@type":"EntryPoint","urlTemplate":"https:\/\/www.worldpancreaticcancercoalition.org\/fr\/?s={search_term_string}"},"query-input":{"@type":"PropertyValueSpecification","valueRequired":true,"valueName":"search_term_string"}}],"inLanguage":"fr-FR"}]}},"_links":{"self":[{"href":"https:\/\/www.worldpancreaticcancercoalition.org\/fr\/wp-json\/wp\/v2\/my_story\/10072","targetHints":{"allow":["GET"]}}],"collection":[{"href":"https:\/\/www.worldpancreaticcancercoalition.org\/fr\/wp-json\/wp\/v2\/my_story"}],"about":[{"href":"https:\/\/www.worldpancreaticcancercoalition.org\/fr\/wp-json\/wp\/v2\/types\/my_story"}],"version-history":[{"count":0,"href":"https:\/\/www.worldpancreaticcancercoalition.org\/fr\/wp-json\/wp\/v2\/my_story\/10072\/revisions"}],"wp:featuredmedia":[{"embeddable":true,"href":"https:\/\/www.worldpancreaticcancercoalition.org\/fr\/wp-json\/wp\/v2\/media\/10069"}],"wp:attachment":[{"href":"https:\/\/www.worldpancreaticcancercoalition.org\/fr\/wp-json\/wp\/v2\/media?parent=10072"}],"wp:term":[{"taxonomy":"category","embeddable":true,"href":"https:\/\/www.worldpancreaticcancercoalition.org\/fr\/wp-json\/wp\/v2\/categories?post=10072"},{"taxonomy":"post_tag","embeddable":true,"href":"https:\/\/www.worldpancreaticcancercoalition.org\/fr\/wp-json\/wp\/v2\/tags?post=10072"},{"taxonomy":"member","embeddable":true,"href":"https:\/\/www.worldpancreaticcancercoalition.org\/fr\/wp-json\/wp\/v2\/member?post=10072"}],"curies":[{"name":"wp","href":"https:\/\/api.w.org\/{rel}","templated":true}]}}