{"id":19976,"date":"2023-10-17T13:29:32","date_gmt":"2023-10-17T13:29:32","guid":{"rendered":"https:\/\/www.worldpancreaticcancercoalition.org\/sin-categorizar\/perfil-de-los-miembros-fondo-elizabeth-coteman\/"},"modified":"2023-10-17T13:29:32","modified_gmt":"2023-10-17T13:29:32","slug":"perfil-de-los-miembros-fondo-elizabeth-coteman","status":"publish","type":"post","link":"https:\/\/www.worldpancreaticcancercoalition.org\/es\/members\/perfil-de-los-miembros-fondo-elizabeth-coteman\/","title":{"rendered":"Perfil de los miembros: Fondo Elizabeth Coteman"},"content":{"rendered":"<p>&nbsp;<\/p>\n<p>El Fondo Elizabeth Coteman se cre\u00f3 en 2010 tras el fallecimiento de la querida esposa y madre Elizabeth Coteman a causa de un c\u00e1ncer de p\u00e1ncreas, para apoyar a las personas con un diagn\u00f3stico de c\u00e1ncer de p\u00e1ncreas y a sus familias. La organizaci\u00f3n ben\u00e9fica tambi\u00e9n deja un legado a una mujer maravillosa. Sus principales \u00e1reas de inter\u00e9s incluyen el apoyo a la mejor calidad de vida posible para los afectados por un diagn\u00f3stico de c\u00e1ncer de p\u00e1ncreas, tanto individuos como familias. Lo hace proporcionando amistad, defensa, apoyo emocional, resoluci\u00f3n de problemas, ayudas econ\u00f3micas y apoyo en el duelo. El Fondo tambi\u00e9n trabaja en asociaci\u00f3n con la comunidad investigadora, en dos lugares clave del Reino Unido, para apoyar el trabajo sobre un diagn\u00f3stico m\u00e1s precoz, mejores opciones de tratamiento, un mejor tratamiento del dolor y una mejor comprensi\u00f3n de los problemas gastroenterol\u00f3gicos posquir\u00fargicos. Est\u00e1n deseando trabajar en objetivos comunes con el WPCC y seguir siendo miembros del WPCC.<\/p>\n<div id=\"attachment_16517\" style=\"width: 204px\" class=\"wp-caption alignnone\"><img loading=\"lazy\" decoding=\"async\" aria-describedby=\"caption-attachment-16517\" class=\"size-medium wp-image-16513\" src=\"https:\/\/www.worldpancreaticcancercoalition.org\/wp-content\/uploads\/\/triathlon-194x300.jpg\" alt=\"\" width=\"194\" height=\"300\" srcset=\"https:\/\/www.worldpancreaticcancercoalition.org\/wp-content\/uploads\/triathlon-194x300.jpg 194w, https:\/\/www.worldpancreaticcancercoalition.org\/wp-content\/uploads\/triathlon-665x1030.jpg 665w, https:\/\/www.worldpancreaticcancercoalition.org\/wp-content\/uploads\/triathlon-992x1536.jpg 992w, https:\/\/www.worldpancreaticcancercoalition.org\/wp-content\/uploads\/triathlon-1323x2048.jpg 1323w, https:\/\/www.worldpancreaticcancercoalition.org\/wp-content\/uploads\/triathlon-969x1500.jpg 969w, https:\/\/www.worldpancreaticcancercoalition.org\/wp-content\/uploads\/triathlon-455x705.jpg 455w, https:\/\/www.worldpancreaticcancercoalition.org\/wp-content\/uploads\/triathlon-97x150.jpg 97w, https:\/\/www.worldpancreaticcancercoalition.org\/wp-content\/uploads\/triathlon-77x120.jpg 77w, https:\/\/www.worldpancreaticcancercoalition.org\/wp-content\/uploads\/triathlon-scaled.jpg 1653w\" sizes=\"auto, (max-width: 194px) 100vw, 194px\" \/><p id=\"caption-attachment-16517\" class=\"wp-caption-text\">21\/06\/13 Gerald Coteman y su hijo Mark Coteman , que ambos est\u00e1n haciendo un triatl\u00f3n con fines ben\u00e9ficos . Foto de David Johnson .<\/p><\/div>\n<h3>Proyectos en curso<\/h3>\n<p>Su actual plan trienal incluye un tema central: aumentar la visibilidad y mejorar el apoyo al impacto psicol\u00f3gico y emocional del c\u00e1ncer de p\u00e1ncreas. Su objetivo es fomentar la adopci\u00f3n de evaluaciones hol\u00edsticas aplicadas precozmente en todo el SNS del Reino Unido, haciendo especial hincapi\u00e9 en las v\u00edas de apoyo psicosocial -para pacientes y familiares-.<\/p>\n<p>Puedes apoyar a la Fundaci\u00f3n Elizabeth Coteman manteniendo campa\u00f1as de gran visibilidad en todo el mundo para conseguir un diagn\u00f3stico m\u00e1s precoz, mejores opciones de tratamiento y apoyo psicol\u00f3gico y emocional.<\/p>\n<p>Para saber m\u00e1s sobre el Fondo Elizabeth Coteman, visita su <a href=\"https:\/\/www.worldpancreaticcancercoalition.org\/member\/the-elizabeth-coteman-fund\/\">P\u00e1gina de Miembros<\/a><\/p>\n<!-- AddThis Advanced Settings generic via filter on the_content --><!-- AddThis Share Buttons generic via filter on the_content -->","protected":false},"excerpt":{"rendered":"<p>&nbsp; El Fondo Elizabeth Coteman se cre\u00f3 en 2010 tras el fallecimiento de la querida esposa y madre Elizabeth Coteman a causa de un c\u00e1ncer de p\u00e1ncreas, para apoyar a las personas con un diagn\u00f3stico de c\u00e1ncer de p\u00e1ncreas y a sus familias. La organizaci\u00f3n ben\u00e9fica tambi\u00e9n deja un legado a una mujer maravillosa. Sus [&hellip;]<!-- AddThis Advanced Settings generic via filter on get_the_excerpt --><!-- AddThis Share Buttons generic via filter on get_the_excerpt --><\/p>\n","protected":false},"author":18,"featured_media":16569,"comment_status":"closed","ping_status":"closed","sticky":false,"template":"","format":"standard","meta":{"_acf_changed":false,"footnotes":""},"categories":[7,4],"tags":[],"member":[],"class_list":["post-19976","post","type-post","status-publish","format-standard","has-post-thumbnail","hentry","category-members","category-news"],"acf":[],"yoast_head":"<!-- This site is optimized with the Yoast SEO plugin v26.6 - https:\/\/yoast.com\/wordpress\/plugins\/seo\/ -->\n<title>Perfil de los miembros: Fondo Elizabeth Coteman - World Pancreatic Cancer Coalition<\/title>\n<meta name=\"robots\" content=\"index, follow, max-snippet:-1, max-image-preview:large, max-video-preview:-1\" \/>\n<link rel=\"canonical\" href=\"https:\/\/www.worldpancreaticcancercoalition.org\/es\/members\/perfil-de-los-miembros-fondo-elizabeth-coteman\/\" \/>\n<meta property=\"og:locale\" content=\"es_ES\" \/>\n<meta property=\"og:type\" content=\"article\" \/>\n<meta property=\"og:title\" content=\"Perfil de los miembros: Fondo Elizabeth Coteman - World Pancreatic Cancer Coalition\" \/>\n<meta property=\"og:description\" content=\"&nbsp; El Fondo Elizabeth Coteman se cre\u00f3 en 2010 tras el fallecimiento de la querida esposa y madre Elizabeth Coteman a causa de un c\u00e1ncer de p\u00e1ncreas, para apoyar a las personas con un diagn\u00f3stico de c\u00e1ncer de p\u00e1ncreas y a sus familias. La organizaci\u00f3n ben\u00e9fica tambi\u00e9n deja un legado a una mujer maravillosa. Sus [&hellip;]\" \/>\n<meta property=\"og:url\" content=\"https:\/\/www.worldpancreaticcancercoalition.org\/es\/members\/perfil-de-los-miembros-fondo-elizabeth-coteman\/\" \/>\n<meta property=\"og:site_name\" content=\"World Pancreatic Cancer Coalition\" \/>\n<meta property=\"article:published_time\" content=\"2023-10-17T13:29:32+00:00\" \/>\n<meta property=\"og:image\" content=\"https:\/\/www.worldpancreaticcancercoalition.org\/wp-content\/uploads\/Screenshot-2023-10-17-at-9.28.12\u202fAM.png\" \/>\n\t<meta property=\"og:image:width\" content=\"719\" \/>\n\t<meta property=\"og:image:height\" content=\"206\" \/>\n\t<meta property=\"og:image:type\" content=\"image\/png\" \/>\n<meta name=\"author\" content=\"Evan Van Leeuwen\" \/>\n<meta name=\"twitter:card\" content=\"summary_large_image\" \/>\n<meta name=\"twitter:label1\" content=\"Escrito por\" \/>\n\t<meta name=\"twitter:data1\" content=\"Evan Van Leeuwen\" \/>\n\t<meta name=\"twitter:label2\" content=\"Tiempo de lectura\" \/>\n\t<meta name=\"twitter:data2\" content=\"2 minutos\" \/>\n<script type=\"application\/ld+json\" class=\"yoast-schema-graph\">{\"@context\":\"https:\/\/schema.org\",\"@graph\":[{\"@type\":\"WebPage\",\"@id\":\"https:\/\/www.worldpancreaticcancercoalition.org\/es\/members\/perfil-de-los-miembros-fondo-elizabeth-coteman\/\",\"url\":\"https:\/\/www.worldpancreaticcancercoalition.org\/es\/members\/perfil-de-los-miembros-fondo-elizabeth-coteman\/\",\"name\":\"Perfil de los miembros: Fondo Elizabeth Coteman - World Pancreatic Cancer Coalition\",\"isPartOf\":{\"@id\":\"https:\/\/www.worldpancreaticcancercoalition.org\/es\/#website\"},\"primaryImageOfPage\":{\"@id\":\"https:\/\/www.worldpancreaticcancercoalition.org\/es\/members\/perfil-de-los-miembros-fondo-elizabeth-coteman\/#primaryimage\"},\"image\":{\"@id\":\"https:\/\/www.worldpancreaticcancercoalition.org\/es\/members\/perfil-de-los-miembros-fondo-elizabeth-coteman\/#primaryimage\"},\"thumbnailUrl\":\"https:\/\/www.worldpancreaticcancercoalition.org\/wp-content\/uploads\/Screenshot-2023-10-17-at-9.28.12\u202fAM.png\",\"datePublished\":\"2023-10-17T13:29:32+00:00\",\"author\":{\"@id\":\"https:\/\/www.worldpancreaticcancercoalition.org\/es\/#\/schema\/person\/83e6daa2e4af40ca74fe439355c389e7\"},\"breadcrumb\":{\"@id\":\"https:\/\/www.worldpancreaticcancercoalition.org\/es\/members\/perfil-de-los-miembros-fondo-elizabeth-coteman\/#breadcrumb\"},\"inLanguage\":\"es\",\"potentialAction\":[{\"@type\":\"ReadAction\",\"target\":[\"https:\/\/www.worldpancreaticcancercoalition.org\/es\/members\/perfil-de-los-miembros-fondo-elizabeth-coteman\/\"]}]},{\"@type\":\"ImageObject\",\"inLanguage\":\"es\",\"@id\":\"https:\/\/www.worldpancreaticcancercoalition.org\/es\/members\/perfil-de-los-miembros-fondo-elizabeth-coteman\/#primaryimage\",\"url\":\"https:\/\/www.worldpancreaticcancercoalition.org\/wp-content\/uploads\/Screenshot-2023-10-17-at-9.28.12\u202fAM.png\",\"contentUrl\":\"https:\/\/www.worldpancreaticcancercoalition.org\/wp-content\/uploads\/Screenshot-2023-10-17-at-9.28.12\u202fAM.png\",\"width\":719,\"height\":206},{\"@type\":\"BreadcrumbList\",\"@id\":\"https:\/\/www.worldpancreaticcancercoalition.org\/es\/members\/perfil-de-los-miembros-fondo-elizabeth-coteman\/#breadcrumb\",\"itemListElement\":[{\"@type\":\"ListItem\",\"position\":1,\"name\":\"Home\",\"item\":\"https:\/\/www.worldpancreaticcancercoalition.org\/es\/2021-home\/\"},{\"@type\":\"ListItem\",\"position\":2,\"name\":\"Perfil de los miembros: Fondo Elizabeth Coteman\"}]},{\"@type\":\"WebSite\",\"@id\":\"https:\/\/www.worldpancreaticcancercoalition.org\/es\/#website\",\"url\":\"https:\/\/www.worldpancreaticcancercoalition.org\/es\/\",\"name\":\"World Pancreatic Cancer Coalition\",\"description\":\"\",\"potentialAction\":[{\"@type\":\"SearchAction\",\"target\":{\"@type\":\"EntryPoint\",\"urlTemplate\":\"https:\/\/www.worldpancreaticcancercoalition.org\/es\/?s={search_term_string}\"},\"query-input\":{\"@type\":\"PropertyValueSpecification\",\"valueRequired\":true,\"valueName\":\"search_term_string\"}}],\"inLanguage\":\"es\"},{\"@type\":\"Person\",\"@id\":\"https:\/\/www.worldpancreaticcancercoalition.org\/es\/#\/schema\/person\/83e6daa2e4af40ca74fe439355c389e7\",\"name\":\"Evan Van Leeuwen\",\"url\":\"https:\/\/www.worldpancreaticcancercoalition.org\/es\/author\/evanleeuwen\/\"}]}<\/script>\n<!-- \/ Yoast SEO plugin. -->","yoast_head_json":{"title":"Perfil de los miembros: Fondo Elizabeth Coteman - World Pancreatic Cancer Coalition","robots":{"index":"index","follow":"follow","max-snippet":"max-snippet:-1","max-image-preview":"max-image-preview:large","max-video-preview":"max-video-preview:-1"},"canonical":"https:\/\/www.worldpancreaticcancercoalition.org\/es\/members\/perfil-de-los-miembros-fondo-elizabeth-coteman\/","og_locale":"es_ES","og_type":"article","og_title":"Perfil de los miembros: Fondo Elizabeth Coteman - World Pancreatic Cancer Coalition","og_description":"&nbsp; El Fondo Elizabeth Coteman se cre\u00f3 en 2010 tras el fallecimiento de la querida esposa y madre Elizabeth Coteman a causa de un c\u00e1ncer de p\u00e1ncreas, para apoyar a las personas con un diagn\u00f3stico de c\u00e1ncer de p\u00e1ncreas y a sus familias. La organizaci\u00f3n ben\u00e9fica tambi\u00e9n deja un legado a una mujer maravillosa. Sus [&hellip;]","og_url":"https:\/\/www.worldpancreaticcancercoalition.org\/es\/members\/perfil-de-los-miembros-fondo-elizabeth-coteman\/","og_site_name":"World Pancreatic Cancer Coalition","article_published_time":"2023-10-17T13:29:32+00:00","og_image":[{"width":719,"height":206,"url":"https:\/\/www.worldpancreaticcancercoalition.org\/wp-content\/uploads\/Screenshot-2023-10-17-at-9.28.12\u202fAM.png","type":"image\/png"}],"author":"Evan Van Leeuwen","twitter_card":"summary_large_image","twitter_misc":{"Escrito por":"Evan Van Leeuwen","Tiempo de lectura":"2 minutos"},"schema":{"@context":"https:\/\/schema.org","@graph":[{"@type":"WebPage","@id":"https:\/\/www.worldpancreaticcancercoalition.org\/es\/members\/perfil-de-los-miembros-fondo-elizabeth-coteman\/","url":"https:\/\/www.worldpancreaticcancercoalition.org\/es\/members\/perfil-de-los-miembros-fondo-elizabeth-coteman\/","name":"Perfil de los miembros: Fondo Elizabeth Coteman - World Pancreatic Cancer Coalition","isPartOf":{"@id":"https:\/\/www.worldpancreaticcancercoalition.org\/es\/#website"},"primaryImageOfPage":{"@id":"https:\/\/www.worldpancreaticcancercoalition.org\/es\/members\/perfil-de-los-miembros-fondo-elizabeth-coteman\/#primaryimage"},"image":{"@id":"https:\/\/www.worldpancreaticcancercoalition.org\/es\/members\/perfil-de-los-miembros-fondo-elizabeth-coteman\/#primaryimage"},"thumbnailUrl":"https:\/\/www.worldpancreaticcancercoalition.org\/wp-content\/uploads\/Screenshot-2023-10-17-at-9.28.12\u202fAM.png","datePublished":"2023-10-17T13:29:32+00:00","author":{"@id":"https:\/\/www.worldpancreaticcancercoalition.org\/es\/#\/schema\/person\/83e6daa2e4af40ca74fe439355c389e7"},"breadcrumb":{"@id":"https:\/\/www.worldpancreaticcancercoalition.org\/es\/members\/perfil-de-los-miembros-fondo-elizabeth-coteman\/#breadcrumb"},"inLanguage":"es","potentialAction":[{"@type":"ReadAction","target":["https:\/\/www.worldpancreaticcancercoalition.org\/es\/members\/perfil-de-los-miembros-fondo-elizabeth-coteman\/"]}]},{"@type":"ImageObject","inLanguage":"es","@id":"https:\/\/www.worldpancreaticcancercoalition.org\/es\/members\/perfil-de-los-miembros-fondo-elizabeth-coteman\/#primaryimage","url":"https:\/\/www.worldpancreaticcancercoalition.org\/wp-content\/uploads\/Screenshot-2023-10-17-at-9.28.12\u202fAM.png","contentUrl":"https:\/\/www.worldpancreaticcancercoalition.org\/wp-content\/uploads\/Screenshot-2023-10-17-at-9.28.12\u202fAM.png","width":719,"height":206},{"@type":"BreadcrumbList","@id":"https:\/\/www.worldpancreaticcancercoalition.org\/es\/members\/perfil-de-los-miembros-fondo-elizabeth-coteman\/#breadcrumb","itemListElement":[{"@type":"ListItem","position":1,"name":"Home","item":"https:\/\/www.worldpancreaticcancercoalition.org\/es\/2021-home\/"},{"@type":"ListItem","position":2,"name":"Perfil de los miembros: Fondo Elizabeth Coteman"}]},{"@type":"WebSite","@id":"https:\/\/www.worldpancreaticcancercoalition.org\/es\/#website","url":"https:\/\/www.worldpancreaticcancercoalition.org\/es\/","name":"World Pancreatic Cancer Coalition","description":"","potentialAction":[{"@type":"SearchAction","target":{"@type":"EntryPoint","urlTemplate":"https:\/\/www.worldpancreaticcancercoalition.org\/es\/?s={search_term_string}"},"query-input":{"@type":"PropertyValueSpecification","valueRequired":true,"valueName":"search_term_string"}}],"inLanguage":"es"},{"@type":"Person","@id":"https:\/\/www.worldpancreaticcancercoalition.org\/es\/#\/schema\/person\/83e6daa2e4af40ca74fe439355c389e7","name":"Evan Van Leeuwen","url":"https:\/\/www.worldpancreaticcancercoalition.org\/es\/author\/evanleeuwen\/"}]}},"_links":{"self":[{"href":"https:\/\/www.worldpancreaticcancercoalition.org\/es\/wp-json\/wp\/v2\/posts\/19976","targetHints":{"allow":["GET"]}}],"collection":[{"href":"https:\/\/www.worldpancreaticcancercoalition.org\/es\/wp-json\/wp\/v2\/posts"}],"about":[{"href":"https:\/\/www.worldpancreaticcancercoalition.org\/es\/wp-json\/wp\/v2\/types\/post"}],"author":[{"embeddable":true,"href":"https:\/\/www.worldpancreaticcancercoalition.org\/es\/wp-json\/wp\/v2\/users\/18"}],"replies":[{"embeddable":true,"href":"https:\/\/www.worldpancreaticcancercoalition.org\/es\/wp-json\/wp\/v2\/comments?post=19976"}],"version-history":[{"count":0,"href":"https:\/\/www.worldpancreaticcancercoalition.org\/es\/wp-json\/wp\/v2\/posts\/19976\/revisions"}],"wp:featuredmedia":[{"embeddable":true,"href":"https:\/\/www.worldpancreaticcancercoalition.org\/es\/wp-json\/wp\/v2\/media\/16569"}],"wp:attachment":[{"href":"https:\/\/www.worldpancreaticcancercoalition.org\/es\/wp-json\/wp\/v2\/media?parent=19976"}],"wp:term":[{"taxonomy":"category","embeddable":true,"href":"https:\/\/www.worldpancreaticcancercoalition.org\/es\/wp-json\/wp\/v2\/categories?post=19976"},{"taxonomy":"post_tag","embeddable":true,"href":"https:\/\/www.worldpancreaticcancercoalition.org\/es\/wp-json\/wp\/v2\/tags?post=19976"},{"taxonomy":"member","embeddable":true,"href":"https:\/\/www.worldpancreaticcancercoalition.org\/es\/wp-json\/wp\/v2\/member?post=19976"}],"curies":[{"name":"wp","href":"https:\/\/api.w.org\/{rel}","templated":true}]}}