{"id":8257,"date":"2021-10-19T00:38:28","date_gmt":"2021-10-19T00:38:28","guid":{"rendered":"https:\/\/www.worldpancreaticcancercoalition.org\/my_story\/emmanuel\/"},"modified":"2022-09-29T14:22:43","modified_gmt":"2022-09-29T14:22:43","slug":"emmanuel","status":"publish","type":"my_story","link":"https:\/\/www.worldpancreaticcancercoalition.org\/es\/my_story\/emmanuel\/","title":{"rendered":"Emmanuel"},"content":{"rendered":"<p class=\"subhead-text-purp-med-gf\" style=\"text-align: left;\">Mi historia es sobre Engr. Emmanuel Nwaneke Sr.<\/p>\n<p class=\"subhead-text-purp-med-gf\" style=\"text-align: left;\">El descubrimiento<\/p>\n<p>A mi pap\u00e0\u00a1 le diagnosticaron la enfermedad por primera vez en marzo de 2020, le hab\u00e0\u00adan hecho una serie de pruebas previas, pero ninguna mostraba signos de c\u00e0\u00a1ncer de p\u00e0\u00a1ncreas, recuerdo que siempre le dol\u00e0\u00ada hasta que le hicieron otra prueba a finales de ese a\u00e0\u00b1o en la que se not\u00e0\u00b3 un crecimiento en forma de tumor en el p\u00e0\u00a1ncreas.<\/p>\n<p class=\"subhead-text-purp-med-gf\" style=\"text-align: left;\">Esta es mi historia<\/p>\n<p>Mi padre era mi h\u00e9roe, ven\u00e0\u00ada de un entorno pobre pero se asegur\u00e0\u00b3 de que tuvi\u00e9ramos todo lo que \u00e9l no pudo tener y siempre recordar\u00e9 el amor que comparti\u00e0\u00b3 con nosotros, su recuerdo siempre vivir\u00e0\u00a1 en nosotros.<\/p>\n<p class=\"subhead-text-purp-med-gf\" style=\"text-align: left;\">El impacto del tiempo<\/p>\n<p>La muerte de mi padre realmente cambi\u00e0\u00b3 mi visi\u00e0\u00b3n de las cosas, la vida es una de ellas, la cantidad de \u00abtiempo\u00bb que todos tenemos es otra.<\/p>\n<p>El tiempo es algo que todos deber\u00e0\u00adamos tomarnos m\u00e0\u00a1s en serio, ya que s\u00e0\u00b3lo tenemos una vida y lo que hagamos con ella depende de nosotros.<\/p>\n<p>Si hubi\u00e9ramos sabido lo grave que era la enfermedad y que la detecci\u00e0\u00b3n precoz desempe\u00e0\u00b1aba un papel importante en la curaci\u00e0\u00b3n del c\u00e0\u00a1ncer de p\u00e0\u00a1ncreas, mi padre a\u00e0\u00ban estar\u00e0\u00ada vivo; sin embargo, la falta de concienciaci\u00e0\u00b3n en mi pa\u00e0\u00ads me ha motivado a poner en marcha una fundaci\u00e0\u00b3n para concienciar sobre esta enfermedad letal.<\/p>\n<p>El tiempo es realmente un regalo y lo que importa es el impacto que causamos.<\/p>\n<p>&nbsp;<\/p>\n<div  class='avia-button-wrap av-33sdx2-05471b4552b246ca127028dd1284f116-wrap avia-button-center  explore-button'>\n<style type=\"text\/css\" data-created_by=\"avia_inline_auto\" id=\"style-css-av-33sdx2-05471b4552b246ca127028dd1284f116\">\n#top #wrap_all .avia-button.av-33sdx2-05471b4552b246ca127028dd1284f116:hover{\ncolor:#ffffff;\ntransition:all 0.4s ease-in-out;\n}\n#top #wrap_all .avia-button.av-33sdx2-05471b4552b246ca127028dd1284f116:hover .avia-svg-icon svg:first-child{\nfill:#ffffff;\nstroke:#ffffff;\n}\n<\/style>\n<a href='https:\/\/www.worldpancreaticcancercoalition.org\/es\/wpcd-nuestras-historias\/'  class='avia-button av-33sdx2-05471b4552b246ca127028dd1284f116 av-link-btn avia-icon_select-no avia-size-x-large avia-position-center avia-color-light avia-font-color-theme-color'   aria-label=\"Explora nuestras historias\"><span class='avia_iconbox_title' >Explora nuestras historias<\/span><span class='avia_button_background avia-button avia-color-theme-color-highlight' ><\/span><\/a><\/div>\n<!-- AddThis Advanced Settings generic via filter on the_content --><!-- AddThis Share Buttons generic via filter on the_content -->","protected":false},"excerpt":{"rendered":"<p>Mi historia es sobre Emmanuel Nwaneke Sr.<!-- AddThis Advanced Settings generic via filter on get_the_excerpt --><!-- AddThis Share Buttons generic via filter on get_the_excerpt --><\/p>\n","protected":false},"featured_media":5861,"menu_order":0,"template":"","format":"standard","meta":{"_acf_changed":false,"footnotes":""},"categories":[9],"tags":[11],"member":[],"class_list":["post-8257","my_story","type-my_story","status-publish","format-standard","has-post-thumbnail","hentry","category-my-story","tag-real-stories"],"acf":[],"yoast_head":"<!-- This site is optimized with the Yoast SEO plugin v26.6 - https:\/\/yoast.com\/wordpress\/plugins\/seo\/ -->\n<title>Emmanuel - World Pancreatic Cancer Coalition<\/title>\n<meta name=\"robots\" content=\"index, follow, max-snippet:-1, max-image-preview:large, max-video-preview:-1\" \/>\n<link rel=\"canonical\" href=\"https:\/\/www.worldpancreaticcancercoalition.org\/es\/my_story\/emmanuel\/\" \/>\n<meta property=\"og:locale\" content=\"es_ES\" \/>\n<meta property=\"og:type\" content=\"article\" \/>\n<meta property=\"og:title\" content=\"Emmanuel - World Pancreatic Cancer Coalition\" \/>\n<meta property=\"og:description\" content=\"Mi historia es sobre Emmanuel Nwaneke Sr.\" \/>\n<meta property=\"og:url\" content=\"https:\/\/www.worldpancreaticcancercoalition.org\/es\/my_story\/emmanuel\/\" \/>\n<meta property=\"og:site_name\" content=\"World Pancreatic Cancer Coalition\" \/>\n<meta property=\"article:modified_time\" content=\"2022-09-29T14:22:43+00:00\" \/>\n<meta property=\"og:image\" content=\"https:\/\/www.worldpancreaticcancercoalition.org\/wp-content\/uploads\/Emmanuel.jpg\" \/>\n\t<meta property=\"og:image:width\" content=\"760\" \/>\n\t<meta property=\"og:image:height\" content=\"545\" \/>\n\t<meta property=\"og:image:type\" content=\"image\/jpeg\" \/>\n<meta name=\"twitter:card\" content=\"summary_large_image\" \/>\n<meta name=\"twitter:label1\" content=\"Tiempo de lectura\" \/>\n\t<meta name=\"twitter:data1\" content=\"2 minutos\" \/>\n<script type=\"application\/ld+json\" class=\"yoast-schema-graph\">{\"@context\":\"https:\/\/schema.org\",\"@graph\":[{\"@type\":\"WebPage\",\"@id\":\"https:\/\/www.worldpancreaticcancercoalition.org\/es\/my_story\/emmanuel\/\",\"url\":\"https:\/\/www.worldpancreaticcancercoalition.org\/es\/my_story\/emmanuel\/\",\"name\":\"Emmanuel - World Pancreatic Cancer Coalition\",\"isPartOf\":{\"@id\":\"https:\/\/www.worldpancreaticcancercoalition.org\/es\/#website\"},\"primaryImageOfPage\":{\"@id\":\"https:\/\/www.worldpancreaticcancercoalition.org\/es\/my_story\/emmanuel\/#primaryimage\"},\"image\":{\"@id\":\"https:\/\/www.worldpancreaticcancercoalition.org\/es\/my_story\/emmanuel\/#primaryimage\"},\"thumbnailUrl\":\"https:\/\/www.worldpancreaticcancercoalition.org\/wp-content\/uploads\/Emmanuel.jpg\",\"datePublished\":\"2021-10-19T00:38:28+00:00\",\"dateModified\":\"2022-09-29T14:22:43+00:00\",\"breadcrumb\":{\"@id\":\"https:\/\/www.worldpancreaticcancercoalition.org\/es\/my_story\/emmanuel\/#breadcrumb\"},\"inLanguage\":\"es\",\"potentialAction\":[{\"@type\":\"ReadAction\",\"target\":[\"https:\/\/www.worldpancreaticcancercoalition.org\/es\/my_story\/emmanuel\/\"]}]},{\"@type\":\"ImageObject\",\"inLanguage\":\"es\",\"@id\":\"https:\/\/www.worldpancreaticcancercoalition.org\/es\/my_story\/emmanuel\/#primaryimage\",\"url\":\"https:\/\/www.worldpancreaticcancercoalition.org\/wp-content\/uploads\/Emmanuel.jpg\",\"contentUrl\":\"https:\/\/www.worldpancreaticcancercoalition.org\/wp-content\/uploads\/Emmanuel.jpg\",\"width\":760,\"height\":545},{\"@type\":\"BreadcrumbList\",\"@id\":\"https:\/\/www.worldpancreaticcancercoalition.org\/es\/my_story\/emmanuel\/#breadcrumb\",\"itemListElement\":[{\"@type\":\"ListItem\",\"position\":1,\"name\":\"Home\",\"item\":\"https:\/\/www.worldpancreaticcancercoalition.org\/es\/2021-home\/\"},{\"@type\":\"ListItem\",\"position\":2,\"name\":\"Emmanuel\"}]},{\"@type\":\"WebSite\",\"@id\":\"https:\/\/www.worldpancreaticcancercoalition.org\/es\/#website\",\"url\":\"https:\/\/www.worldpancreaticcancercoalition.org\/es\/\",\"name\":\"World Pancreatic Cancer Coalition\",\"description\":\"\",\"potentialAction\":[{\"@type\":\"SearchAction\",\"target\":{\"@type\":\"EntryPoint\",\"urlTemplate\":\"https:\/\/www.worldpancreaticcancercoalition.org\/es\/?s={search_term_string}\"},\"query-input\":{\"@type\":\"PropertyValueSpecification\",\"valueRequired\":true,\"valueName\":\"search_term_string\"}}],\"inLanguage\":\"es\"}]}<\/script>\n<!-- \/ Yoast SEO plugin. -->","yoast_head_json":{"title":"Emmanuel - World Pancreatic Cancer Coalition","robots":{"index":"index","follow":"follow","max-snippet":"max-snippet:-1","max-image-preview":"max-image-preview:large","max-video-preview":"max-video-preview:-1"},"canonical":"https:\/\/www.worldpancreaticcancercoalition.org\/es\/my_story\/emmanuel\/","og_locale":"es_ES","og_type":"article","og_title":"Emmanuel - World Pancreatic Cancer Coalition","og_description":"Mi historia es sobre Emmanuel Nwaneke Sr.","og_url":"https:\/\/www.worldpancreaticcancercoalition.org\/es\/my_story\/emmanuel\/","og_site_name":"World Pancreatic Cancer Coalition","article_modified_time":"2022-09-29T14:22:43+00:00","og_image":[{"width":760,"height":545,"url":"https:\/\/www.worldpancreaticcancercoalition.org\/wp-content\/uploads\/Emmanuel.jpg","type":"image\/jpeg"}],"twitter_card":"summary_large_image","twitter_misc":{"Tiempo de lectura":"2 minutos"},"schema":{"@context":"https:\/\/schema.org","@graph":[{"@type":"WebPage","@id":"https:\/\/www.worldpancreaticcancercoalition.org\/es\/my_story\/emmanuel\/","url":"https:\/\/www.worldpancreaticcancercoalition.org\/es\/my_story\/emmanuel\/","name":"Emmanuel - World Pancreatic Cancer Coalition","isPartOf":{"@id":"https:\/\/www.worldpancreaticcancercoalition.org\/es\/#website"},"primaryImageOfPage":{"@id":"https:\/\/www.worldpancreaticcancercoalition.org\/es\/my_story\/emmanuel\/#primaryimage"},"image":{"@id":"https:\/\/www.worldpancreaticcancercoalition.org\/es\/my_story\/emmanuel\/#primaryimage"},"thumbnailUrl":"https:\/\/www.worldpancreaticcancercoalition.org\/wp-content\/uploads\/Emmanuel.jpg","datePublished":"2021-10-19T00:38:28+00:00","dateModified":"2022-09-29T14:22:43+00:00","breadcrumb":{"@id":"https:\/\/www.worldpancreaticcancercoalition.org\/es\/my_story\/emmanuel\/#breadcrumb"},"inLanguage":"es","potentialAction":[{"@type":"ReadAction","target":["https:\/\/www.worldpancreaticcancercoalition.org\/es\/my_story\/emmanuel\/"]}]},{"@type":"ImageObject","inLanguage":"es","@id":"https:\/\/www.worldpancreaticcancercoalition.org\/es\/my_story\/emmanuel\/#primaryimage","url":"https:\/\/www.worldpancreaticcancercoalition.org\/wp-content\/uploads\/Emmanuel.jpg","contentUrl":"https:\/\/www.worldpancreaticcancercoalition.org\/wp-content\/uploads\/Emmanuel.jpg","width":760,"height":545},{"@type":"BreadcrumbList","@id":"https:\/\/www.worldpancreaticcancercoalition.org\/es\/my_story\/emmanuel\/#breadcrumb","itemListElement":[{"@type":"ListItem","position":1,"name":"Home","item":"https:\/\/www.worldpancreaticcancercoalition.org\/es\/2021-home\/"},{"@type":"ListItem","position":2,"name":"Emmanuel"}]},{"@type":"WebSite","@id":"https:\/\/www.worldpancreaticcancercoalition.org\/es\/#website","url":"https:\/\/www.worldpancreaticcancercoalition.org\/es\/","name":"World Pancreatic Cancer Coalition","description":"","potentialAction":[{"@type":"SearchAction","target":{"@type":"EntryPoint","urlTemplate":"https:\/\/www.worldpancreaticcancercoalition.org\/es\/?s={search_term_string}"},"query-input":{"@type":"PropertyValueSpecification","valueRequired":true,"valueName":"search_term_string"}}],"inLanguage":"es"}]}},"_links":{"self":[{"href":"https:\/\/www.worldpancreaticcancercoalition.org\/es\/wp-json\/wp\/v2\/my_story\/8257","targetHints":{"allow":["GET"]}}],"collection":[{"href":"https:\/\/www.worldpancreaticcancercoalition.org\/es\/wp-json\/wp\/v2\/my_story"}],"about":[{"href":"https:\/\/www.worldpancreaticcancercoalition.org\/es\/wp-json\/wp\/v2\/types\/my_story"}],"version-history":[{"count":0,"href":"https:\/\/www.worldpancreaticcancercoalition.org\/es\/wp-json\/wp\/v2\/my_story\/8257\/revisions"}],"wp:featuredmedia":[{"embeddable":true,"href":"https:\/\/www.worldpancreaticcancercoalition.org\/es\/wp-json\/wp\/v2\/media\/5861"}],"wp:attachment":[{"href":"https:\/\/www.worldpancreaticcancercoalition.org\/es\/wp-json\/wp\/v2\/media?parent=8257"}],"wp:term":[{"taxonomy":"category","embeddable":true,"href":"https:\/\/www.worldpancreaticcancercoalition.org\/es\/wp-json\/wp\/v2\/categories?post=8257"},{"taxonomy":"post_tag","embeddable":true,"href":"https:\/\/www.worldpancreaticcancercoalition.org\/es\/wp-json\/wp\/v2\/tags?post=8257"},{"taxonomy":"member","embeddable":true,"href":"https:\/\/www.worldpancreaticcancercoalition.org\/es\/wp-json\/wp\/v2\/member?post=8257"}],"curies":[{"name":"wp","href":"https:\/\/api.w.org\/{rel}","templated":true}]}}